{"id":499,"date":"2022-06-22T08:30:41","date_gmt":"2022-06-22T06:30:41","guid":{"rendered":"https:\/\/www.coollibri.es\/blog\/?p=499"},"modified":"2022-06-22T03:48:47","modified_gmt":"2022-06-22T01:48:47","slug":"los-50-comics-espanoles-mas-famosos","status":"publish","type":"post","link":"https:\/\/www.coollibri.es\/blog\/los-50-comics-espanoles-mas-famosos\/","title":{"rendered":"Los 50 c\u00f3mics espa\u00f1oles m\u00e1s famosos"},"content":{"rendered":"<p style=\"text-align: justify\"><span style=\"font-weight: 400\">El mundo de los c\u00f3mics supuso toda una revoluci\u00f3n all\u00e1 por los a\u00f1os 60, cuando <\/span><b>las ilustraciones y la literatura<\/b><span style=\"font-weight: 400\"> se juntaron para dar salida a historias incre\u00edbles. De la mano de grandes editores se fueron creando historietas de aventuras que fueron enganchando al lector a trav\u00e9s de revistas semanales y quincenales.<\/span><\/p>\n<p style=\"text-align: justify\"><span style=\"font-weight: 400\">Este fen\u00f3meno golpe\u00f3 con fuerza en todo el mundo y lleg\u00f3 para quedarse, habiendo hoy por hoy una enorme industria del c\u00f3mic e incluso ferias y congresos. En Espa\u00f1a, las primeras muestras del c\u00f3mic las vemos con el Capit\u00e1n Trueno y el Guerrero del Antifaz, dos grandes referentes, o Roberto Alc\u00e1zar y Pedr\u00edn. A continuaci\u00f3n, se revisar\u00e1n los <\/span><b>50 c\u00f3mics espa\u00f1oles m\u00e1s famosos<\/b><span style=\"font-weight: 400\"> haciendo un recorrido desde los a\u00f1os 60 hasta la actualidad a trav\u00e9s del mundo del tebeo.<\/span><\/p>\n<p style=\"text-align: justify\"><span style=\"font-weight: 400\">\u00a0<\/span><\/p>\n<h2 style=\"text-align: justify\"><b>C\u00f3mics de los 70<\/b><\/h2>\n<p style=\"text-align: justify\"><span style=\"font-weight: 400\">\u00a0<\/span><\/p>\n<p style=\"text-align: justify\"><span style=\"font-weight: 400\">En los a\u00f1os 70, la llegada del mundo del c\u00f3mic al pa\u00eds fue un <\/span><b>aut\u00e9ntico boom<\/b><span style=\"font-weight: 400\"> y todas las editoriales quer\u00edan estar dentro, ofreciendo a los grandes ilustradores y escritores poni\u00e9ndose manos a la obra.\u00a0<\/span><\/p>\n<p style=\"text-align: justify\"><span style=\"font-weight: 400\">\u00a0<\/span><\/p>\n<blockquote>\n<p><span style=\"font-weight: 400\">En los c\u00f3mics, las im\u00e1genes son en general impresionistas.<\/span><\/p>\n<p><span style=\"font-weight: 400\">Will Eisner<\/span><\/p>\n<\/blockquote>\n<p style=\"text-align: justify\"><span style=\"font-weight: 400\">\u00a0<\/span><\/p>\n<p style=\"text-align: justify\"><span style=\"font-weight: 400\">En medio de toda esta nueva tendencia, surgieron <\/span><b>grandes t\u00edtulos<\/b><span style=\"font-weight: 400\"> que estuvieron presentes durante d\u00e9cadas y sirvieron de escuela a su generaci\u00f3n.<\/span><\/p>\n<p style=\"text-align: justify\"><span style=\"font-weight: 400\">\u00a0<\/span><\/p>\n<h3 style=\"text-align: justify\"><span style=\"font-weight: 400\">1. Dosier negro<\/span><\/h3>\n<p style=\"text-align: justify\"><span style=\"font-weight: 400\">\u00a0<\/span><\/p>\n<figure id=\"attachment_609\" aria-describedby=\"caption-attachment-609\" style=\"width: 400px\" class=\"wp-caption aligncenter\"><img loading=\"lazy\" decoding=\"async\" class=\"wp-image-609\" src=\"https:\/\/www.coollibri.es\/blog\/wp-content\/uploads\/Dosier-negro.jpg\" alt=\"Dosier negro\" width=\"400\" height=\"400\" srcset=\"https:\/\/www.coollibri.es\/blog\/wp-content\/uploads\/Dosier-negro.jpg 800w, https:\/\/www.coollibri.es\/blog\/wp-content\/uploads\/Dosier-negro-300x300.jpg 300w, https:\/\/www.coollibri.es\/blog\/wp-content\/uploads\/Dosier-negro-150x150.jpg 150w, https:\/\/www.coollibri.es\/blog\/wp-content\/uploads\/Dosier-negro-768x768.jpg 768w, https:\/\/www.coollibri.es\/blog\/wp-content\/uploads\/Dosier-negro-400x400.jpg 400w\" sizes=\"auto, (max-width: 400px) 100vw, 400px\" \/><figcaption id=\"caption-attachment-609\" class=\"wp-caption-text\">Dosier negro<\/figcaption><\/figure>\n<p style=\"text-align: justify\"><span style=\"font-weight: 400\">\u00a0<\/span><\/p>\n<ul style=\"text-align: justify\">\n<li style=\"font-weight: 400\"><b>Caracter\u00edsticas<\/b><span style=\"font-weight: 400\">: se trata de una revista de c\u00f3mic centrada en el g\u00e9nero de terror. Fue la primera que se especializaba en este g\u00e9nero y dentro de la revistas participaban varias editoriales espa\u00f1olas como Ibero Mundial y Garbo.<\/span><\/li>\n<\/ul>\n<p style=\"text-align: justify\"><span style=\"font-weight: 400\">\u00a0<\/span><\/p>\n<ul style=\"text-align: justify\">\n<li style=\"font-weight: 400\"><b>Trama<\/b><span style=\"font-weight: 400\">: cada tomo era una historia independiente pero todas se centraban en leyendas e historias de terror y mundo fant\u00e1stico.<\/span><\/li>\n<\/ul>\n<p style=\"text-align: justify\"><span style=\"font-weight: 400\">\u00a0<\/span><\/p>\n<ul style=\"text-align: justify\">\n<li style=\"font-weight: 400\"><b>Porqu\u00e9 es interesante<\/b><span style=\"font-weight: 400\">: se trata de la primera revista en Espa\u00f1a especializada en el g\u00e9nero de terror y fue un gran referente para todas las que vendr\u00edan despu\u00e9s como Creepy o Espectros.<\/span><\/li>\n<\/ul>\n<p style=\"text-align: justify\"><span style=\"font-weight: 400\">\u00a0<\/span><\/p>\n<ul style=\"text-align: justify\">\n<li style=\"font-weight: 400\"><b>T\u00edtulo m\u00e1s famoso<\/b><span style=\"font-weight: 400\">: \u00abLos pavorosos y espeluznantes shocks del tremendo Figueras\u00bb.<\/span><\/li>\n<\/ul>\n<p style=\"text-align: justify\"><span style=\"font-weight: 400\">\u00a0<\/span><\/p>\n<h3 style=\"text-align: justify\"><span style=\"font-weight: 400\">2. Vampus<\/span><\/h3>\n<p style=\"text-align: justify\"><span style=\"font-weight: 400\">\u00a0<\/span><\/p>\n<figure id=\"attachment_610\" aria-describedby=\"caption-attachment-610\" style=\"width: 400px\" class=\"wp-caption aligncenter\"><img loading=\"lazy\" decoding=\"async\" class=\"wp-image-610\" src=\"https:\/\/www.coollibri.es\/blog\/wp-content\/uploads\/Vampus.jpg\" alt=\"Vampus\" width=\"400\" height=\"400\" srcset=\"https:\/\/www.coollibri.es\/blog\/wp-content\/uploads\/Vampus.jpg 800w, https:\/\/www.coollibri.es\/blog\/wp-content\/uploads\/Vampus-300x300.jpg 300w, https:\/\/www.coollibri.es\/blog\/wp-content\/uploads\/Vampus-150x150.jpg 150w, https:\/\/www.coollibri.es\/blog\/wp-content\/uploads\/Vampus-768x768.jpg 768w, https:\/\/www.coollibri.es\/blog\/wp-content\/uploads\/Vampus-400x400.jpg 400w\" sizes=\"auto, (max-width: 400px) 100vw, 400px\" \/><figcaption id=\"caption-attachment-610\" class=\"wp-caption-text\">Vampus<\/figcaption><\/figure>\n<p style=\"text-align: justify\"><span style=\"font-weight: 400\">\u00a0<\/span><\/p>\n<ul style=\"text-align: justify\">\n<li style=\"font-weight: 400\"><b>Caracter\u00edsticas<\/b><span style=\"font-weight: 400\">: fue uno de los grandes referentes de c\u00f3mic de terror de los a\u00f1os 70. Lleg\u00f3 a tener hasta 77 tomos y acab\u00f3 desapareciendo en 1978, marcando toda la d\u00e9cada.<\/span><\/li>\n<\/ul>\n<p style=\"text-align: justify\"><span style=\"font-weight: 400\">\u00a0<\/span><\/p>\n<ul style=\"text-align: justify\">\n<li style=\"font-weight: 400\"><b>Trama<\/b><span style=\"font-weight: 400\">: todos los c\u00f3mics de esta colecci\u00f3n giran en torno al T\u00edo Vampus, un personaje siniestro que va introduciendo en cada tomo una historia de terror.<\/span><\/li>\n<\/ul>\n<p style=\"text-align: justify\"><span style=\"font-weight: 400\">\u00a0<\/span><\/p>\n<ul style=\"text-align: justify\">\n<li style=\"font-weight: 400\"><b>Porqu\u00e9 es interesante<\/b><span style=\"font-weight: 400\">: la editorial Ibero Mundial supo adaptar a la perfecci\u00f3n el estilo de c\u00f3mic de terror americano y atraerlo a espa\u00f1a con el estilo y los artistas nacionales.<\/span><\/li>\n<\/ul>\n<p style=\"text-align: justify\"><span style=\"font-weight: 400\">\u00a0<\/span><\/p>\n<ul style=\"text-align: justify\">\n<li style=\"font-weight: 400\"><b>T\u00edtulo m\u00e1s famoso<\/b><span style=\"font-weight: 400\">: \u00abLa Momia\u00bb.<\/span><\/li>\n<\/ul>\n<p style=\"text-align: justify\"><span style=\"font-weight: 400\">\u00a0<\/span><\/p>\n<h3 style=\"text-align: justify\"><span style=\"font-weight: 400\">3. Vampirella<\/span><\/h3>\n<p style=\"text-align: justify\"><span style=\"font-weight: 400\">\u00a0<\/span><\/p>\n<figure id=\"attachment_611\" aria-describedby=\"caption-attachment-611\" style=\"width: 400px\" class=\"wp-caption aligncenter\"><img loading=\"lazy\" decoding=\"async\" class=\"wp-image-611\" src=\"https:\/\/www.coollibri.es\/blog\/wp-content\/uploads\/Vampirella-1.jpg\" alt=\"Vampirella\" width=\"400\" height=\"400\" srcset=\"https:\/\/www.coollibri.es\/blog\/wp-content\/uploads\/Vampirella-1.jpg 800w, https:\/\/www.coollibri.es\/blog\/wp-content\/uploads\/Vampirella-1-300x300.jpg 300w, https:\/\/www.coollibri.es\/blog\/wp-content\/uploads\/Vampirella-1-150x150.jpg 150w, https:\/\/www.coollibri.es\/blog\/wp-content\/uploads\/Vampirella-1-768x768.jpg 768w, https:\/\/www.coollibri.es\/blog\/wp-content\/uploads\/Vampirella-1-400x400.jpg 400w\" sizes=\"auto, (max-width: 400px) 100vw, 400px\" \/><figcaption id=\"caption-attachment-611\" class=\"wp-caption-text\">Vampirella<\/figcaption><\/figure>\n<p style=\"text-align: justify\"><span style=\"font-weight: 400\">\u00a0<\/span><\/p>\n<ul style=\"text-align: justify\">\n<li style=\"font-weight: 400\"><b>Caracter\u00edsticas<\/b><span style=\"font-weight: 400\">: es una adaptaci\u00f3n de una historia americana que tom\u00f3 la editorial Garbo en Espa\u00f1a y la adapt\u00f3 para que pasara la censura de c\u00f3mic de adulto. Lleg\u00f3 a tener hasta 38 n\u00fameros y fue una colecci\u00f3n muy famosa a finales de los 70.<\/span><\/li>\n<\/ul>\n<p style=\"text-align: justify\"><span style=\"font-weight: 400\">\u00a0<\/span><\/p>\n<ul style=\"text-align: justify\">\n<li style=\"font-weight: 400\"><b>Trama<\/b><span style=\"font-weight: 400\">: todo gira en torno a la superhero\u00edna Vampirella, un personaje fant\u00e1stico relacionado con el mundo del terror que vive diferentes aventuras en cada volumen.<\/span><\/li>\n<\/ul>\n<p style=\"text-align: justify\"><span style=\"font-weight: 400\">\u00a0<\/span><\/p>\n<ul style=\"text-align: justify\">\n<li style=\"font-weight: 400\"><b>Porqu\u00e9 es interesante<\/b><span style=\"font-weight: 400\">: es un gran ejemplo pionero de la proliferaci\u00f3n de los c\u00f3mics para adultos con tem\u00e1tica de superh\u00e9roes o historias de misterio y terror.<\/span><\/li>\n<\/ul>\n<p style=\"text-align: justify\"><span style=\"font-weight: 400\">\u00a0<\/span><\/p>\n<h3 style=\"text-align: justify\"><span style=\"font-weight: 400\">4. Barrab\u00e1s<\/span><\/h3>\n<p style=\"text-align: justify\"><span style=\"font-weight: 400\">\u00a0<\/span><\/p>\n<figure id=\"attachment_613\" aria-describedby=\"caption-attachment-613\" style=\"width: 400px\" class=\"wp-caption aligncenter\"><img loading=\"lazy\" decoding=\"async\" class=\"wp-image-613\" src=\"https:\/\/www.coollibri.es\/blog\/wp-content\/uploads\/Barrabas-2.jpg\" alt=\"Barrab\u00e1s\" width=\"400\" height=\"400\" srcset=\"https:\/\/www.coollibri.es\/blog\/wp-content\/uploads\/Barrabas-2.jpg 800w, https:\/\/www.coollibri.es\/blog\/wp-content\/uploads\/Barrabas-2-300x300.jpg 300w, https:\/\/www.coollibri.es\/blog\/wp-content\/uploads\/Barrabas-2-150x150.jpg 150w, https:\/\/www.coollibri.es\/blog\/wp-content\/uploads\/Barrabas-2-768x768.jpg 768w, https:\/\/www.coollibri.es\/blog\/wp-content\/uploads\/Barrabas-2-400x400.jpg 400w\" sizes=\"auto, (max-width: 400px) 100vw, 400px\" \/><figcaption id=\"caption-attachment-613\" class=\"wp-caption-text\">Barrab\u00e1s<\/figcaption><\/figure>\n<p style=\"text-align: justify\"><span style=\"font-weight: 400\">\u00a0<\/span><\/p>\n<ul style=\"text-align: justify\">\n<li style=\"font-weight: 400\"><b>Caracter\u00edsticas<\/b><span style=\"font-weight: 400\">: fue una revista semanal que sali\u00f3 en plena transici\u00f3n espa\u00f1ola y que supuso la entrada de un g\u00e9nero sat\u00edrico y cr\u00edtico. Su \u00e9xito hizo que, en su \u00e9poca, se llegasen a imprimir en menos de un a\u00f1o 100.000 ejemplares.<\/span><\/li>\n<\/ul>\n<p style=\"text-align: justify\"><span style=\"font-weight: 400\">\u00a0<\/span><\/p>\n<ul style=\"text-align: justify\">\n<li style=\"font-weight: 400\"><b>Trama<\/b><span style=\"font-weight: 400\">: las vi\u00f1etas de cada tomo van contando a modo de historia cr\u00edticas y denuncias relacionadas con el mundo deportivo. Se criticaba a la federaci\u00f3n, sus esc\u00e1ndalos y sus estafas a trav\u00e9s del humor gr\u00e1fico.<\/span><\/li>\n<\/ul>\n<p style=\"text-align: justify\"><span style=\"font-weight: 400\">\u00a0<\/span><\/p>\n<ul style=\"text-align: justify\">\n<li style=\"font-weight: 400\"><b>Porqu\u00e9 es interesante<\/b><span style=\"font-weight: 400\">: supone toda una revoluci\u00f3n en la \u00e9poca ya que es de las primeras muestras gr\u00e1ficas que supon\u00edan una cr\u00edtica al poder despu\u00e9s de la Guerra Civil y la dictadura.<\/span><\/li>\n<\/ul>\n<p style=\"text-align: justify\"><span style=\"font-weight: 400\">\u00a0<\/span><\/p>\n<ul style=\"text-align: justify\">\n<li style=\"font-weight: 400\"><b>Cifras<\/b><span style=\"font-weight: 400\">: en su d\u00eda llegaron a circular hasta 46.000 ejemplares de media.<\/span><\/li>\n<\/ul>\n<p style=\"text-align: justify\"><span style=\"font-weight: 400\">\u00a0<\/span><\/p>\n<h3 style=\"text-align: justify\"><span style=\"font-weight: 400\">5. El Papus<\/span><\/h3>\n<figure id=\"attachment_614\" aria-describedby=\"caption-attachment-614\" style=\"width: 400px\" class=\"wp-caption aligncenter\"><img loading=\"lazy\" decoding=\"async\" class=\"wp-image-614\" src=\"https:\/\/www.coollibri.es\/blog\/wp-content\/uploads\/El-Papus.jpg\" alt=\"El Papus\" width=\"400\" height=\"400\" srcset=\"https:\/\/www.coollibri.es\/blog\/wp-content\/uploads\/El-Papus.jpg 800w, https:\/\/www.coollibri.es\/blog\/wp-content\/uploads\/El-Papus-300x300.jpg 300w, https:\/\/www.coollibri.es\/blog\/wp-content\/uploads\/El-Papus-150x150.jpg 150w, https:\/\/www.coollibri.es\/blog\/wp-content\/uploads\/El-Papus-768x768.jpg 768w, https:\/\/www.coollibri.es\/blog\/wp-content\/uploads\/El-Papus-400x400.jpg 400w\" sizes=\"auto, (max-width: 400px) 100vw, 400px\" \/><figcaption id=\"caption-attachment-614\" class=\"wp-caption-text\">El Papus<\/figcaption><\/figure>\n<p style=\"text-align: justify\"><span style=\"font-weight: 400\">\u00a0<\/span><\/p>\n<ul style=\"text-align: justify\">\n<li style=\"font-weight: 400\"><b>Caracter\u00edsticas<\/b><span style=\"font-weight: 400\">: fue una revista pionera en la cr\u00edtica social de la \u00e9poca a trav\u00e9s del g\u00e9nero del c\u00f3mic y la s\u00e1tira gr\u00e1fica. Se caracterizaba por tener un lenguaje directo, unos dibujos bastos e incluso \u00abfeistas\u00bb y un humor atrevido.<\/span><\/li>\n<\/ul>\n<p style=\"text-align: justify\"><span style=\"font-weight: 400\">\u00a0<\/span><\/p>\n<ul style=\"text-align: justify\">\n<li style=\"font-weight: 400\"><b>Trama<\/b><span style=\"font-weight: 400\">: Papus trataba en cada tomo un tema concreto y lo iba desarrollando en profundidad desde diferentes puntos de vista. Se centraba en temas de car\u00e1cter social como la pol\u00edtica, el medio ambiente o la sociedad.<\/span><\/li>\n<\/ul>\n<p style=\"text-align: justify\"><span style=\"font-weight: 400\">\u00a0<\/span><\/p>\n<ul style=\"text-align: justify\">\n<li style=\"font-weight: 400\"><b>Porqu\u00e9 es interesante<\/b><span style=\"font-weight: 400\">: sufri\u00f3 los estragos de la dictadura, llegando a sufrir un atentado de la extrema derecha y supuso uno de los primeros hitos en los modelos culturales de cr\u00edtica social dentro del mundo del c\u00f3mic.<\/span><\/li>\n<\/ul>\n<p style=\"text-align: justify\"><span style=\"font-weight: 400\">\u00a0<\/span><\/p>\n<ul style=\"text-align: justify\">\n<li style=\"font-weight: 400\"><b>T\u00edtulo m\u00e1s famoso<\/b><span style=\"font-weight: 400\">: \u00abDon Cornelio Ladilla y su se\u00f1ora Mar\u00eda\u00bb.<\/span><\/li>\n<\/ul>\n<p style=\"text-align: justify\"><span style=\"font-weight: 400\">\u00a0<\/span><\/p>\n<h3 style=\"text-align: justify\"><span style=\"font-weight: 400\">6. El Rollo enmascarado<\/span><\/h3>\n<p style=\"text-align: justify\"><span style=\"font-weight: 400\">\u00a0<\/span><\/p>\n<figure id=\"attachment_615\" aria-describedby=\"caption-attachment-615\" style=\"width: 400px\" class=\"wp-caption aligncenter\"><img loading=\"lazy\" decoding=\"async\" class=\"wp-image-615\" src=\"https:\/\/www.coollibri.es\/blog\/wp-content\/uploads\/El-Rollo-enmascarado.jpg\" alt=\"El Rollo enmascarado\" width=\"400\" height=\"400\" srcset=\"https:\/\/www.coollibri.es\/blog\/wp-content\/uploads\/El-Rollo-enmascarado.jpg 800w, https:\/\/www.coollibri.es\/blog\/wp-content\/uploads\/El-Rollo-enmascarado-300x300.jpg 300w, https:\/\/www.coollibri.es\/blog\/wp-content\/uploads\/El-Rollo-enmascarado-150x150.jpg 150w, https:\/\/www.coollibri.es\/blog\/wp-content\/uploads\/El-Rollo-enmascarado-768x768.jpg 768w, https:\/\/www.coollibri.es\/blog\/wp-content\/uploads\/El-Rollo-enmascarado-400x400.jpg 400w\" sizes=\"auto, (max-width: 400px) 100vw, 400px\" \/><figcaption id=\"caption-attachment-615\" class=\"wp-caption-text\">El Rollo enmascarado<\/figcaption><\/figure>\n<p style=\"text-align: justify\"><span style=\"font-weight: 400\">\u00a0<\/span><\/p>\n<ul style=\"text-align: justify\">\n<li style=\"font-weight: 400\"><b>Caracter\u00edsticas<\/b><span style=\"font-weight: 400\">: se considera como la primera muestra de c\u00f3mic underground de Espa\u00f1a. Su publicaci\u00f3n fue muy escabrosa ya que los autores, Farry y Pepichek, quisieron autopublicarse pero acabaron siendo detenidos por \u00abesc\u00e1ndalo p\u00fablico\u00bb.<\/span><\/li>\n<\/ul>\n<p style=\"text-align: justify\"><span style=\"font-weight: 400\">\u00a0<\/span><\/p>\n<ul style=\"text-align: justify\">\n<li style=\"font-weight: 400\"><b>Trama<\/b><span style=\"font-weight: 400\">: los ejemplares que finamenre vieron la luz tratan temas escandalosos para la sociedad como temas de drogas, sexo y excesos.<\/span><\/li>\n<\/ul>\n<p style=\"text-align: justify\"><span style=\"font-weight: 400\">\u00a0<\/span><\/p>\n<ul style=\"text-align: justify\">\n<li style=\"font-weight: 400\"><b>Porqu\u00e9 es interesante<\/b><span style=\"font-weight: 400\">: en los a\u00f1os 70 para publicar en Espa\u00f1a un c\u00f3mic deb\u00eda estar inscrito y validado para poder pasar la censura. Sin embargo, \u00abEl Rrollo enmascarado\u00bb consigui\u00f3 darse a conocer autopublicando e instalando en el pa\u00eds el g\u00e9nero underground.<\/span><\/li>\n<\/ul>\n<p style=\"text-align: justify\"><span style=\"font-weight: 400\">\u00a0<\/span><\/p>\n<h3 style=\"text-align: justify\"><span style=\"font-weight: 400\">7. Star<\/span><\/h3>\n<p style=\"text-align: justify\"><span style=\"font-weight: 400\">\u00a0<\/span><\/p>\n<figure id=\"attachment_616\" aria-describedby=\"caption-attachment-616\" style=\"width: 400px\" class=\"wp-caption aligncenter\"><img loading=\"lazy\" decoding=\"async\" class=\"wp-image-616\" src=\"https:\/\/www.coollibri.es\/blog\/wp-content\/uploads\/Star.jpg\" alt=\"Star\" width=\"400\" height=\"400\" srcset=\"https:\/\/www.coollibri.es\/blog\/wp-content\/uploads\/Star.jpg 800w, https:\/\/www.coollibri.es\/blog\/wp-content\/uploads\/Star-300x300.jpg 300w, https:\/\/www.coollibri.es\/blog\/wp-content\/uploads\/Star-150x150.jpg 150w, https:\/\/www.coollibri.es\/blog\/wp-content\/uploads\/Star-768x768.jpg 768w, https:\/\/www.coollibri.es\/blog\/wp-content\/uploads\/Star-400x400.jpg 400w\" sizes=\"auto, (max-width: 400px) 100vw, 400px\" \/><figcaption id=\"caption-attachment-616\" class=\"wp-caption-text\">Star<\/figcaption><\/figure>\n<p style=\"text-align: justify\"><span style=\"font-weight: 400\">\u00a0<\/span><\/p>\n<ul style=\"text-align: justify\">\n<li style=\"font-weight: 400\"><b>Caracter\u00edsticas<\/b><span style=\"font-weight: 400\">: constituye en Espa\u00f1a una de las primeras muestras del considerado movimiento de contracultura en plena Transici\u00f3n. Cont\u00f3 con un total de 57 tomos y cerr\u00f3 en los 80 despu\u00e9s de presiones por \u00abesc\u00e1ndalo p\u00fablico\u00bb.<\/span><\/li>\n<\/ul>\n<p style=\"text-align: justify\"><span style=\"font-weight: 400\">\u00a0<\/span><\/p>\n<ul style=\"text-align: justify\">\n<li style=\"font-weight: 400\"><b>Trama<\/b><span style=\"font-weight: 400\">: esta revista de c\u00f3mic contaba en cada tomo con un escritor e ilustrador que hac\u00eda su propuesta de contracultura con dise\u00f1os atrevidos e historias escandalosas para la \u00e9poca.<\/span><\/li>\n<\/ul>\n<p style=\"text-align: justify\"><span style=\"font-weight: 400\">\u00a0<\/span><\/p>\n<ul style=\"text-align: justify\">\n<li style=\"font-weight: 400\"><b>Porqu\u00e9 es interesante<\/b><span style=\"font-weight: 400\">: supone una de las primeras muestras de un tipo de c\u00f3mic m\u00e1s alternativo a la norma y con una propuesta m\u00e1s arriesgada e innovadora.<\/span><\/li>\n<\/ul>\n<p style=\"text-align: justify\"><span style=\"font-weight: 400\">\u00a0<\/span><\/p>\n<ul style=\"text-align: justify\">\n<li style=\"font-weight: 400\"><b>T\u00edtulo m\u00e1s famoso<\/b><span style=\"font-weight: 400\">: \u00abLos garriris\u00bb.<\/span><\/li>\n<\/ul>\n<p style=\"text-align: justify\"><span style=\"font-weight: 400\">\u00a0<\/span><\/p>\n<h3 style=\"text-align: justify\"><span style=\"font-weight: 400\">8. Paracuellos<\/span><\/h3>\n<p style=\"text-align: justify\"><span style=\"font-weight: 400\">\u00a0<\/span><\/p>\n<figure id=\"attachment_617\" aria-describedby=\"caption-attachment-617\" style=\"width: 400px\" class=\"wp-caption aligncenter\"><img loading=\"lazy\" decoding=\"async\" class=\"wp-image-617\" src=\"https:\/\/www.coollibri.es\/blog\/wp-content\/uploads\/Paracuellos.jpg\" alt=\"Paracuellos\" width=\"400\" height=\"400\" srcset=\"https:\/\/www.coollibri.es\/blog\/wp-content\/uploads\/Paracuellos.jpg 800w, https:\/\/www.coollibri.es\/blog\/wp-content\/uploads\/Paracuellos-300x300.jpg 300w, https:\/\/www.coollibri.es\/blog\/wp-content\/uploads\/Paracuellos-150x150.jpg 150w, https:\/\/www.coollibri.es\/blog\/wp-content\/uploads\/Paracuellos-768x768.jpg 768w, https:\/\/www.coollibri.es\/blog\/wp-content\/uploads\/Paracuellos-400x400.jpg 400w\" sizes=\"auto, (max-width: 400px) 100vw, 400px\" \/><figcaption id=\"caption-attachment-617\" class=\"wp-caption-text\">Paracuellos<\/figcaption><\/figure>\n<p style=\"text-align: justify\">\u00a0<\/p>\n<p style=\"text-align: justify\"><span style=\"font-weight: 400\">\u00a0<\/span><\/p>\n<ul style=\"text-align: justify\">\n<li style=\"font-weight: 400\"><b>Caracter\u00edsticas<\/b><span style=\"font-weight: 400\">: se trata de una de las primeras muestras de c\u00f3mic costumbrista. Consta de 8 vol\u00famenes y ha recibido multitud de premios.<\/span><\/li>\n<\/ul>\n<p style=\"text-align: justify\"><span style=\"font-weight: 400\">\u00a0<\/span><\/p>\n<ul style=\"text-align: justify\">\n<li style=\"font-weight: 400\"><b>Trama<\/b><span style=\"font-weight: 400\">: el autor narra a trav\u00e9s de historietas y vi\u00f1etas sus recuerdos y vivencias durante toda la Guerra Civil Espa\u00f1ola y la transici\u00f3n.<\/span><\/li>\n<\/ul>\n<p style=\"text-align: justify\"><span style=\"font-weight: 400\">\u00a0<\/span><\/p>\n<ul style=\"text-align: justify\">\n<li style=\"font-weight: 400\"><b>Porqu\u00e9 es interesante<\/b><span style=\"font-weight: 400\">: refleja dentro del mundo del c\u00f3mic toda la vertiente que hab\u00eda en literatura sobre cuadros de costumbres.<\/span><\/li>\n<\/ul>\n<p style=\"text-align: justify\"><span style=\"font-weight: 400\">\u00a0<\/span><\/p>\n<ul style=\"text-align: justify\">\n<li style=\"font-weight: 400\"><a href=\"http:\/\/www.carlosgimenez.com\/obra\/paracuellos.htm\"><b>Web oficial de Paracuellos<\/b><\/a><\/li>\n<\/ul>\n<p style=\"text-align: justify\"><span style=\"font-weight: 400\">\u00a0<\/span><\/p>\n<h2 style=\"text-align: justify\"><b>C\u00f3mics de los 80<\/b><\/h2>\n<p style=\"text-align: justify\"><span style=\"font-weight: 400\">\u00a0<\/span><\/p>\n<p style=\"text-align: justify\"><span style=\"font-weight: 400\">Despu\u00e9s de los a\u00f1os 70, el mundo del c\u00f3mic pega un considerable empuj\u00f3n dentro del pa\u00eds. Los artistas pioneros de la d\u00e9cada anterior hab\u00edan tenido que esquivar como pod\u00edan la censura pero, con la llegada de la transici\u00f3n y la democracia, los artistas se vieron m\u00e1s<\/span><b> libres de crear<\/b><span style=\"font-weight: 400\">.<\/span><\/p>\n<p style=\"text-align: justify\"><span style=\"font-weight: 400\">Es en esta \u00e9poca cuanta mayor producci\u00f3n de c\u00f3mic hay en Espa\u00f1a hasta la \u00e9poca. Los t\u00edtulos y tramas son <\/span><b>atrevidas, originales y creativas<\/b><span style=\"font-weight: 400\">, tratando de romper con lo establecido.<\/span><\/p>\n<p style=\"text-align: justify\"><span style=\"font-weight: 400\">\u00a0<\/span><\/p>\n<h3 style=\"text-align: justify\"><span style=\"font-weight: 400\">9. El v\u00edbora<\/span><\/h3>\n<p style=\"text-align: justify\"><span style=\"font-weight: 400\">\u00a0<\/span><\/p>\n<figure id=\"attachment_618\" aria-describedby=\"caption-attachment-618\" style=\"width: 400px\" class=\"wp-caption aligncenter\"><img loading=\"lazy\" decoding=\"async\" class=\"wp-image-618\" src=\"https:\/\/www.coollibri.es\/blog\/wp-content\/uploads\/El-vibora.jpg\" alt=\"El v\u00edbora\" width=\"400\" height=\"400\" srcset=\"https:\/\/www.coollibri.es\/blog\/wp-content\/uploads\/El-vibora.jpg 800w, https:\/\/www.coollibri.es\/blog\/wp-content\/uploads\/El-vibora-300x300.jpg 300w, https:\/\/www.coollibri.es\/blog\/wp-content\/uploads\/El-vibora-150x150.jpg 150w, https:\/\/www.coollibri.es\/blog\/wp-content\/uploads\/El-vibora-768x768.jpg 768w, https:\/\/www.coollibri.es\/blog\/wp-content\/uploads\/El-vibora-400x400.jpg 400w\" sizes=\"auto, (max-width: 400px) 100vw, 400px\" \/><figcaption id=\"caption-attachment-618\" class=\"wp-caption-text\">El v\u00edbora<\/figcaption><\/figure>\n<p style=\"text-align: justify\"><span style=\"font-weight: 400\">\u00a0<\/span><\/p>\n<ul style=\"text-align: justify\">\n<li style=\"font-weight: 400\"><b>Caracter\u00edsticas<\/b><span style=\"font-weight: 400\">: la revista V\u00edbora tom\u00f3 el relev\u00f3 del c\u00f3mic underground y quiso dar salida a todos aquellos artistas espa\u00f1oles que ten\u00edan una propuesta gr\u00e1fica alternativa. Lleg\u00f3 a tener hasta 300 ejemplares y cerraron definitivamente en el 2005, aunque su esplendor fue en los 80.<\/span><\/li>\n<\/ul>\n<p style=\"text-align: justify\"><span style=\"font-weight: 400\">\u00a0<\/span><\/p>\n<ul style=\"text-align: justify\">\n<li style=\"font-weight: 400\"><b>Trama<\/b><span style=\"font-weight: 400\">: se trata de una revista con diferentes historietas para adultos. Escenas cortas y atrevidas que tocan temas como la sexualidad, la muerte y los esc\u00e1ndalos sociales.<\/span><\/li>\n<\/ul>\n<p style=\"text-align: justify\"><span style=\"font-weight: 400\">\u00a0<\/span><\/p>\n<ul style=\"text-align: justify\">\n<li style=\"font-weight: 400\"><b>Porqu\u00e9 es interesante<\/b><span style=\"font-weight: 400\">: fue de las primeras revistas que consolidaron el g\u00e9nero underground y pudieron dar muestra de nuevos artistas considerados controvertidos.<\/span><\/li>\n<\/ul>\n<p style=\"text-align: justify\"><span style=\"font-weight: 400\">\u00a0<\/span><\/p>\n<ul style=\"text-align: justify\">\n<li style=\"font-weight: 400\"><b>T\u00edtulo m\u00e1s famoso<\/b><span style=\"font-weight: 400\">: \u00abEl taxista\u00bb.<\/span><\/li>\n<\/ul>\n<p style=\"text-align: justify\"><span style=\"font-weight: 400\">\u00a0<\/span><\/p>\n<h3 style=\"text-align: justify\"><span style=\"font-weight: 400\">10. El totem<\/span><\/h3>\n<p style=\"text-align: justify\"><span style=\"font-weight: 400\">\u00a0<\/span><\/p>\n<figure id=\"attachment_619\" aria-describedby=\"caption-attachment-619\" style=\"width: 400px\" class=\"wp-caption aligncenter\"><img loading=\"lazy\" decoding=\"async\" class=\"wp-image-619\" src=\"https:\/\/www.coollibri.es\/blog\/wp-content\/uploads\/El-totem.jpg\" alt=\"El totem\" width=\"400\" height=\"400\" srcset=\"https:\/\/www.coollibri.es\/blog\/wp-content\/uploads\/El-totem.jpg 800w, https:\/\/www.coollibri.es\/blog\/wp-content\/uploads\/El-totem-300x300.jpg 300w, https:\/\/www.coollibri.es\/blog\/wp-content\/uploads\/El-totem-150x150.jpg 150w, https:\/\/www.coollibri.es\/blog\/wp-content\/uploads\/El-totem-768x768.jpg 768w, https:\/\/www.coollibri.es\/blog\/wp-content\/uploads\/El-totem-400x400.jpg 400w\" sizes=\"auto, (max-width: 400px) 100vw, 400px\" \/><figcaption id=\"caption-attachment-619\" class=\"wp-caption-text\">El totem<\/figcaption><\/figure>\n<p style=\"text-align: justify\"><span style=\"font-weight: 400\">\u00a0<\/span><\/p>\n<ul style=\"text-align: justify\">\n<li style=\"font-weight: 400\"><b>Caracter\u00edsticas<\/b><span style=\"font-weight: 400\">: la revista de c\u00f3mic Totem surge como un propuesta en plenos a\u00f1os 80 para dar salida a una vertiente del c\u00f3mic m\u00e1s experimental en la cual, a trav\u00e9s de las ilustraciones, se pudiera expresar de una forma m\u00e1s directa. Fue todo un canal para los artistas de la \u00e9poca y lleg\u00f3 a tener hasta 53 n\u00fameros.<\/span><\/li>\n<\/ul>\n<p style=\"text-align: justify\"><span style=\"font-weight: 400\">\u00a0<\/span><\/p>\n<ul style=\"text-align: justify\">\n<li style=\"font-weight: 400\"><b>Trama<\/b><span style=\"font-weight: 400\">: los artistas que publicaban en Totem tocaban temas de ciencia ficci\u00f3n, erotismo, futurismo o tramas polic\u00edacas.<\/span><\/li>\n<\/ul>\n<p style=\"text-align: justify\"><span style=\"font-weight: 400\">\u00a0<\/span><\/p>\n<ul style=\"text-align: justify\">\n<li style=\"font-weight: 400\"><b>Porqu\u00e9 es interesante<\/b><span style=\"font-weight: 400\">: es uno de los primeros canales de experimentaci\u00f3n dentro del \u00abnuevo comic\u00bb para adultos en Espa\u00f1a.<\/span><\/li>\n<\/ul>\n<p style=\"text-align: justify\"><span style=\"font-weight: 400\">\u00a0<\/span><\/p>\n<ul style=\"text-align: justify\">\n<li style=\"font-weight: 400\"><b>T\u00edtulo m\u00e1s famoso<\/b><span style=\"font-weight: 400\">: \u00abLa casa dorada de Samarcanda\u00bb.<\/span><\/li>\n<\/ul>\n<p style=\"text-align: justify\"><span style=\"font-weight: 400\">\u00a0<\/span><\/p>\n<h3 style=\"text-align: justify\"><span style=\"font-weight: 400\">11. Blue Jeans<\/span><\/h3>\n<p style=\"text-align: justify\"><span style=\"font-weight: 400\">\u00a0<\/span><\/p>\n<figure id=\"attachment_621\" aria-describedby=\"caption-attachment-621\" style=\"width: 400px\" class=\"wp-caption aligncenter\"><img loading=\"lazy\" decoding=\"async\" class=\"wp-image-621\" src=\"https:\/\/www.coollibri.es\/blog\/wp-content\/uploads\/Blue-Jeans.jpg\" alt=\"Blue Jeans\" width=\"400\" height=\"400\" srcset=\"https:\/\/www.coollibri.es\/blog\/wp-content\/uploads\/Blue-Jeans.jpg 800w, https:\/\/www.coollibri.es\/blog\/wp-content\/uploads\/Blue-Jeans-300x300.jpg 300w, https:\/\/www.coollibri.es\/blog\/wp-content\/uploads\/Blue-Jeans-150x150.jpg 150w, https:\/\/www.coollibri.es\/blog\/wp-content\/uploads\/Blue-Jeans-768x768.jpg 768w, https:\/\/www.coollibri.es\/blog\/wp-content\/uploads\/Blue-Jeans-400x400.jpg 400w\" sizes=\"auto, (max-width: 400px) 100vw, 400px\" \/><figcaption id=\"caption-attachment-621\" class=\"wp-caption-text\">Blue Jeans<\/figcaption><\/figure>\n<p style=\"text-align: justify\"><span style=\"font-weight: 400\">\u00a0<\/span><\/p>\n<ul style=\"text-align: justify\">\n<li style=\"font-weight: 400\"><b>Caracter\u00edsticas<\/b><span style=\"font-weight: 400\">: fue otra de las revistas de c\u00f3mic consideradas como \u00abnuevo c\u00f3mic para adultos\u00bb. Con un total de 28 n\u00fameros publicados fue un referente de la novela gr\u00e1fica de los 80.<\/span><\/li>\n<\/ul>\n<p style=\"text-align: justify\"><span style=\"font-weight: 400\">\u00a0<\/span><\/p>\n<ul style=\"text-align: justify\">\n<li style=\"font-weight: 400\"><b>Trama<\/b><span style=\"font-weight: 400\">: las historias trataban de varios temas para adultos y, en ocasiones, se trataba de adaptaciones de obras internacionales, realizadas por artistas espa\u00f1oles.<\/span><\/li>\n<\/ul>\n<p style=\"text-align: justify\"><span style=\"font-weight: 400\">\u00a0<\/span><\/p>\n<ul style=\"text-align: justify\">\n<li style=\"font-weight: 400\"><b>Porqu\u00e9 es interesante<\/b><span style=\"font-weight: 400\">: fue la revista con la que se consolid\u00f3 la editorial Nueva Frontera durante toda la d\u00e9cada de los 80 y dej\u00f3 ver lo que se estaba haciendo en el mundo del c\u00f3mic de la \u00e9poca.<\/span><\/li>\n<\/ul>\n<p style=\"text-align: justify\"><span style=\"font-weight: 400\">\u00a0<\/span><\/p>\n<ul style=\"text-align: justify\">\n<li style=\"font-weight: 400\"><b>T\u00edtulo m\u00e1s famoso<\/b><span style=\"font-weight: 400\">: \u00abEscuadra Zenith\u00bb.<\/span><\/li>\n<\/ul>\n<p style=\"text-align: justify\"><span style=\"font-weight: 400\">\u00a0<\/span><\/p>\n<h3 style=\"text-align: justify\"><span style=\"font-weight: 400\">12. Trocha<\/span><\/h3>\n<p style=\"text-align: justify\"><span style=\"font-weight: 400\">\u00a0<\/span><\/p>\n<figure id=\"attachment_622\" aria-describedby=\"caption-attachment-622\" style=\"width: 400px\" class=\"wp-caption aligncenter\"><img loading=\"lazy\" decoding=\"async\" class=\"wp-image-622\" src=\"https:\/\/www.coollibri.es\/blog\/wp-content\/uploads\/Trocha.jpg\" alt=\"Trocha\" width=\"400\" height=\"400\" srcset=\"https:\/\/www.coollibri.es\/blog\/wp-content\/uploads\/Trocha.jpg 800w, https:\/\/www.coollibri.es\/blog\/wp-content\/uploads\/Trocha-300x300.jpg 300w, https:\/\/www.coollibri.es\/blog\/wp-content\/uploads\/Trocha-150x150.jpg 150w, https:\/\/www.coollibri.es\/blog\/wp-content\/uploads\/Trocha-768x768.jpg 768w, https:\/\/www.coollibri.es\/blog\/wp-content\/uploads\/Trocha-400x400.jpg 400w\" sizes=\"auto, (max-width: 400px) 100vw, 400px\" \/><figcaption id=\"caption-attachment-622\" class=\"wp-caption-text\">Trocha<\/figcaption><\/figure>\n<p style=\"text-align: justify\"><span style=\"font-weight: 400\">\u00a0<\/span><\/p>\n<ul style=\"text-align: justify\">\n<li style=\"font-weight: 400\"><b>Caracter\u00edsticas:<\/b><span style=\"font-weight: 400\"> la revista Trocha fue un reducto para todos los autores de c\u00f3mics en Espa\u00f1a que quer\u00edan hacer un nuevo tipo de vi\u00f1eta e historieta pero ligado a lo social. Con el tiempo, se reinventaron y pasaron a llamarse \u00abTroya\u00bb.<\/span><\/li>\n<\/ul>\n<p style=\"text-align: justify\"><span style=\"font-weight: 400\">\u00a0<\/span><\/p>\n<ul style=\"text-align: justify\">\n<li style=\"font-weight: 400\"><b>Trama: <\/b><span style=\"font-weight: 400\">dentro de estas historietas se pueden ver temas como el machismo o el derecho de los actores y artistas.<\/span><\/li>\n<\/ul>\n<p style=\"text-align: justify\"><span style=\"font-weight: 400\">\u00a0<\/span><\/p>\n<ul style=\"text-align: justify\">\n<li style=\"font-weight: 400\"><b>Porqu\u00e9 es interesante: <\/b><span style=\"font-weight: 400\">se trata de una fusi\u00f3n entre los tipos de ilustraciones m\u00e1s vanguardistas y experimentales y una tem\u00e1tica social y comprometida.<\/span><\/li>\n<\/ul>\n<p style=\"text-align: justify\"><span style=\"font-weight: 400\">\u00a0<\/span><\/p>\n<ul style=\"text-align: justify\">\n<li style=\"font-weight: 400\"><b>T\u00edtulo m\u00e1s famoso: <\/b><span style=\"font-weight: 400\">\u00abSonrisas\u00bb.<\/span><\/li>\n<\/ul>\n<p style=\"text-align: justify\"><span style=\"font-weight: 400\">\u00a0<\/span><\/p>\n<ul style=\"text-align: justify\">\n<li style=\"font-weight: 400\"><a href=\"https:\/\/www.tebeosfera.com\/1\/Obra\/Tebeo\/CdlH\/Trocha.htm\"><b>Web de \u00abTrocha\u00bb.<\/b><\/a><\/li>\n<\/ul>\n<p style=\"text-align: justify\"><span style=\"font-weight: 400\">\u00a0<\/span><\/p>\n<h3 style=\"text-align: justify\"><span style=\"font-weight: 400\">13. B\u00e9same mucho\u00a0<\/span><\/h3>\n<p style=\"text-align: justify\"><span style=\"font-weight: 400\">\u00a0<\/span><\/p>\n<figure id=\"attachment_623\" aria-describedby=\"caption-attachment-623\" style=\"width: 400px\" class=\"wp-caption aligncenter\"><img loading=\"lazy\" decoding=\"async\" class=\"wp-image-623\" src=\"https:\/\/www.coollibri.es\/blog\/wp-content\/uploads\/Besame-mucho-.jpg\" alt=\"B\u00e9same mucho\u00a0\" width=\"400\" height=\"400\" srcset=\"https:\/\/www.coollibri.es\/blog\/wp-content\/uploads\/Besame-mucho-.jpg 800w, https:\/\/www.coollibri.es\/blog\/wp-content\/uploads\/Besame-mucho--300x300.jpg 300w, https:\/\/www.coollibri.es\/blog\/wp-content\/uploads\/Besame-mucho--150x150.jpg 150w, https:\/\/www.coollibri.es\/blog\/wp-content\/uploads\/Besame-mucho--768x768.jpg 768w, https:\/\/www.coollibri.es\/blog\/wp-content\/uploads\/Besame-mucho--400x400.jpg 400w\" sizes=\"auto, (max-width: 400px) 100vw, 400px\" \/><figcaption id=\"caption-attachment-623\" class=\"wp-caption-text\">B\u00e9same mucho<\/figcaption><\/figure>\n<p style=\"text-align: justify\">\u00a0<\/p>\n<p style=\"text-align: justify\"><span style=\"font-weight: 400\">\u00a0<\/span><\/p>\n<ul style=\"text-align: justify\">\n<li style=\"font-weight: 400\"><b>Caracter\u00edsticas: <\/b><span style=\"font-weight: 400\">esta revista fue un continuaci\u00f3n en la vertiente de \u00abV\u00edbora\u00bb y se centr\u00f3 en desarrollar la tem\u00e1tica underground dentro de la tradici\u00f3n y el humor espa\u00f1ol.<\/span><\/li>\n<\/ul>\n<p style=\"text-align: justify\"><span style=\"font-weight: 400\">\u00a0<\/span><\/p>\n<ul style=\"text-align: justify\">\n<li style=\"font-weight: 400\"><b>Trama: <\/b><span style=\"font-weight: 400\">se trata un t\u00edpico cuadro de costumbres espa\u00f1ol en sus distintas historias pero un toque de humor \u00e1cido y solo apto para adultos.<\/span><\/li>\n<\/ul>\n<p style=\"text-align: justify\"><span style=\"font-weight: 400\">\u00a0<\/span><\/p>\n<ul style=\"text-align: justify\">\n<li style=\"font-weight: 400\"><b>Porqu\u00e9 es interesante: <\/b><span style=\"font-weight: 400\">fue la revista que continu\u00f3 la l\u00ednea que dej\u00f3 aparcada Star en los a\u00f1os 70.<\/span><\/li>\n<\/ul>\n<p style=\"text-align: justify\"><span style=\"font-weight: 400\">\u00a0<\/span><\/p>\n<ul style=\"text-align: justify\">\n<li style=\"font-weight: 400\"><b>T\u00edtulo m\u00e1s famoso: <\/b><span style=\"font-weight: 400\">\u00abLos huevos del comprador\u00bb.<\/span><\/li>\n<\/ul>\n<p style=\"text-align: justify\"><span style=\"font-weight: 400\">\u00a0<\/span><\/p>\n<h3 style=\"text-align: justify\"><span style=\"font-weight: 400\">14. Makoki<\/span><\/h3>\n<p style=\"text-align: justify\"><span style=\"font-weight: 400\">\u00a0<\/span><\/p>\n<figure id=\"attachment_624\" aria-describedby=\"caption-attachment-624\" style=\"width: 400px\" class=\"wp-caption aligncenter\"><img loading=\"lazy\" decoding=\"async\" class=\"wp-image-624\" src=\"https:\/\/www.coollibri.es\/blog\/wp-content\/uploads\/Makoki.jpg\" alt=\"Makoki\" width=\"400\" height=\"400\" srcset=\"https:\/\/www.coollibri.es\/blog\/wp-content\/uploads\/Makoki.jpg 800w, https:\/\/www.coollibri.es\/blog\/wp-content\/uploads\/Makoki-300x300.jpg 300w, https:\/\/www.coollibri.es\/blog\/wp-content\/uploads\/Makoki-150x150.jpg 150w, https:\/\/www.coollibri.es\/blog\/wp-content\/uploads\/Makoki-768x768.jpg 768w, https:\/\/www.coollibri.es\/blog\/wp-content\/uploads\/Makoki-400x400.jpg 400w\" sizes=\"auto, (max-width: 400px) 100vw, 400px\" \/><figcaption id=\"caption-attachment-624\" class=\"wp-caption-text\">Makoki<\/figcaption><\/figure>\n<p style=\"text-align: justify\"><span style=\"font-weight: 400\">\u00a0<\/span><\/p>\n<ul style=\"text-align: justify\">\n<li style=\"font-weight: 400\"><b>Caracter\u00edsticas: <\/b><span style=\"font-weight: 400\">fue una revista de historietas c\u00f3micas que surgi\u00f3 a la vez que V\u00e9rtigo y que continu\u00f3 con sus 34 n\u00fameros toda la vertiente underground con toques de humor.<\/span><\/li>\n<\/ul>\n<p style=\"text-align: justify\"><span style=\"font-weight: 400\">\u00a0<\/span><\/p>\n<ul style=\"text-align: justify\">\n<li style=\"font-weight: 400\"><b>Trama:<\/b><span style=\"font-weight: 400\"> se sigue la historia de Makoki y todos sus personajes secundarios a trav\u00e9s de un ambiente \u00abmacarra\u00bb y sat\u00edrico.<\/span><\/li>\n<\/ul>\n<p style=\"text-align: justify\"><span style=\"font-weight: 400\">\u00a0<\/span><\/p>\n<ul style=\"text-align: justify\">\n<li style=\"font-weight: 400\"><b>Porqu\u00e9 es interesante: <\/b><span style=\"font-weight: 400\">acab\u00f3 desarrollando un universo propio con decenas de personajes secundarios.<\/span><\/li>\n<\/ul>\n<p style=\"text-align: justify\"><span style=\"font-weight: 400\">\u00a0<\/span><\/p>\n<ul style=\"text-align: justify\">\n<li style=\"font-weight: 400\"><b>T\u00edtulo m\u00e1s famoso: \u00ab<\/b><span style=\"font-weight: 400\">Makoki\u00bb.<\/span><\/li>\n<\/ul>\n<p style=\"text-align: justify\"><span style=\"font-weight: 400\">\u00a0<\/span><\/p>\n<h3 style=\"text-align: justify\"><span style=\"font-weight: 400\">15. Makinavaja<\/span><\/h3>\n<p style=\"text-align: justify\"><span style=\"font-weight: 400\">\u00a0<\/span><\/p>\n<figure id=\"attachment_625\" aria-describedby=\"caption-attachment-625\" style=\"width: 400px\" class=\"wp-caption aligncenter\"><img loading=\"lazy\" decoding=\"async\" class=\"wp-image-625\" src=\"https:\/\/www.coollibri.es\/blog\/wp-content\/uploads\/Makinavaja.jpg\" alt=\"Makinavaja\" width=\"400\" height=\"400\" srcset=\"https:\/\/www.coollibri.es\/blog\/wp-content\/uploads\/Makinavaja.jpg 800w, https:\/\/www.coollibri.es\/blog\/wp-content\/uploads\/Makinavaja-300x300.jpg 300w, https:\/\/www.coollibri.es\/blog\/wp-content\/uploads\/Makinavaja-150x150.jpg 150w, https:\/\/www.coollibri.es\/blog\/wp-content\/uploads\/Makinavaja-768x768.jpg 768w, https:\/\/www.coollibri.es\/blog\/wp-content\/uploads\/Makinavaja-400x400.jpg 400w\" sizes=\"auto, (max-width: 400px) 100vw, 400px\" \/><figcaption id=\"caption-attachment-625\" class=\"wp-caption-text\">Makinavaja<\/figcaption><\/figure>\n<p style=\"text-align: justify\">\u00a0<\/p>\n<p style=\"text-align: justify\"><span style=\"font-weight: 400\">\u00a0<\/span><\/p>\n<ul style=\"text-align: justify\">\n<li style=\"font-weight: 400\"><b>Caracter\u00edsticas: <\/b><span style=\"font-weight: 400\">se trata de una de las tiras c\u00f3micas m\u00e1s famosas de los a\u00f1os 80 y 90 en Espa\u00f1a. Creada por el dibujante Iv\u00e0 y publicada a trav\u00e9s de la revista \u00abJueves\u00bb. Ha sido llevado al cine y la televisi\u00f3n.<\/span><\/li>\n<\/ul>\n<p style=\"text-align: justify\"><span style=\"font-weight: 400\">\u00a0<\/span><\/p>\n<ul style=\"text-align: justify\">\n<li style=\"font-weight: 400\"><b>Trama: <\/b><span style=\"font-weight: 400\">el c\u00f3mic se centra en la historia de Makinavaja, un delincuente de barrio que malvive y planea sus delitos con sus compa\u00f1eros del barrio.<\/span><\/li>\n<\/ul>\n<p style=\"text-align: justify\"><span style=\"font-weight: 400\">\u00a0<\/span><\/p>\n<ul style=\"text-align: justify\">\n<li style=\"font-weight: 400\"><b>Porqu\u00e9 es interesante: <\/b><span style=\"font-weight: 400\">refleja una parte de la sociedad de la \u00e9poca y define de forma gr\u00e1fica el t\u00e9rmino de \u00abmacarra\u00bb.<\/span><\/li>\n<\/ul>\n<p style=\"text-align: justify\"><span style=\"font-weight: 400\">\u00a0<\/span><\/p>\n<h3 style=\"text-align: justify\"><span style=\"font-weight: 400\">16. Historias de taberna gal\u00e1ctica<\/span><\/h3>\n<p style=\"text-align: justify\"><span style=\"font-weight: 400\">\u00a0<\/span><\/p>\n<figure id=\"attachment_627\" aria-describedby=\"caption-attachment-627\" style=\"width: 400px\" class=\"wp-caption aligncenter\"><img loading=\"lazy\" decoding=\"async\" class=\"wp-image-627\" src=\"https:\/\/www.coollibri.es\/blog\/wp-content\/uploads\/Historias-de-taberna-galactica.jpg\" alt=\"Historias de taberna gal\u00e1ctica\" width=\"400\" height=\"400\" srcset=\"https:\/\/www.coollibri.es\/blog\/wp-content\/uploads\/Historias-de-taberna-galactica.jpg 800w, https:\/\/www.coollibri.es\/blog\/wp-content\/uploads\/Historias-de-taberna-galactica-300x300.jpg 300w, https:\/\/www.coollibri.es\/blog\/wp-content\/uploads\/Historias-de-taberna-galactica-150x150.jpg 150w, https:\/\/www.coollibri.es\/blog\/wp-content\/uploads\/Historias-de-taberna-galactica-768x768.jpg 768w, https:\/\/www.coollibri.es\/blog\/wp-content\/uploads\/Historias-de-taberna-galactica-400x400.jpg 400w\" sizes=\"auto, (max-width: 400px) 100vw, 400px\" \/><figcaption id=\"caption-attachment-627\" class=\"wp-caption-text\">Historias de taberna gal\u00e1ctica<\/figcaption><\/figure>\n<p style=\"text-align: justify\"><span style=\"font-weight: 400\">\u00a0<\/span><\/p>\n<ul style=\"text-align: justify\">\n<li style=\"font-weight: 400\"><b>Caracter\u00edsticas: <\/b><span style=\"font-weight: 400\">se trata de una revista dedicada a la ciencia ficci\u00f3n del dibujante Josep Mar\u00eda Be\u00e0 que triunf\u00f3 en la \u00e9poca de los 80 y que lleg\u00f3 a tener 29 n\u00fameros.<\/span><\/li>\n<\/ul>\n<p style=\"text-align: justify\"><span style=\"font-weight: 400\">\u00a0<\/span><\/p>\n<ul style=\"text-align: justify\">\n<li style=\"font-weight: 400\"><b>Trama: <\/b><span style=\"font-weight: 400\">el c\u00f3mic se centra en las diferentes historietas que tienen los alien\u00edgenas de una estaci\u00f3n espacial.<\/span><\/li>\n<\/ul>\n<p style=\"text-align: justify\"><span style=\"font-weight: 400\">\u00a0<\/span><\/p>\n<ul style=\"text-align: justify\">\n<li style=\"font-weight: 400\"><b>Porqu\u00e9 es interesante: <\/b><span style=\"font-weight: 400\">\u00a0fue muy exitosa en su \u00e9poca y es la primera vez que se centra la tem\u00e1tica de la ciencia ficci\u00f3n en una sola tira. Adem\u00e1s, se lleg\u00f3 a hacer una adaptaci\u00f3n en la televisi\u00f3n.<\/span><\/li>\n<\/ul>\n<p style=\"text-align: justify\"><span style=\"font-weight: 400\">\u00a0<\/span><\/p>\n<ul style=\"text-align: justify\">\n<li style=\"font-weight: 400\"><a href=\"https:\/\/www.tebeosfera.com\/1\/Obra\/Tebeo\/Glenat\/TabernaGalactica.htm\"><b>Web de \u00abHistorias de taberna gal\u00e1ctica\u00bb.<\/b><\/a><\/li>\n<\/ul>\n<p style=\"text-align: justify\"><span style=\"font-weight: 400\">\u00a0<\/span><\/p>\n<h3 style=\"text-align: justify\"><span style=\"font-weight: 400\">17. Frank Cappa<\/span><\/h3>\n<p style=\"text-align: justify\"><span style=\"font-weight: 400\">\u00a0<\/span><\/p>\n<figure id=\"attachment_628\" aria-describedby=\"caption-attachment-628\" style=\"width: 400px\" class=\"wp-caption aligncenter\"><img loading=\"lazy\" decoding=\"async\" class=\"wp-image-628\" src=\"https:\/\/www.coollibri.es\/blog\/wp-content\/uploads\/Frank-Cappa.jpg\" alt=\"Frank Cappa\" width=\"400\" height=\"400\" srcset=\"https:\/\/www.coollibri.es\/blog\/wp-content\/uploads\/Frank-Cappa.jpg 800w, https:\/\/www.coollibri.es\/blog\/wp-content\/uploads\/Frank-Cappa-300x300.jpg 300w, https:\/\/www.coollibri.es\/blog\/wp-content\/uploads\/Frank-Cappa-150x150.jpg 150w, https:\/\/www.coollibri.es\/blog\/wp-content\/uploads\/Frank-Cappa-768x768.jpg 768w, https:\/\/www.coollibri.es\/blog\/wp-content\/uploads\/Frank-Cappa-400x400.jpg 400w\" sizes=\"auto, (max-width: 400px) 100vw, 400px\" \/><figcaption id=\"caption-attachment-628\" class=\"wp-caption-text\">Frank Cappa<\/figcaption><\/figure>\n<p style=\"text-align: justify\"><span style=\"font-weight: 400\">\u00a0<\/span><\/p>\n<ul style=\"text-align: justify\">\n<li style=\"font-weight: 400\"><b>Caracter\u00edsticas: <\/b><span style=\"font-weight: 400\">se trata de un c\u00f3mic de la Editorial Norma de corte de aventuras que se centra en un personaje principal. Fue un gran \u00e9xito de ventas y exportado a varios pa\u00edses.<\/span><\/li>\n<\/ul>\n<p style=\"text-align: justify\"><span style=\"font-weight: 400\">\u00a0<\/span><\/p>\n<ul style=\"text-align: justify\">\n<li style=\"font-weight: 400\"><b>Trama: <\/b><span style=\"font-weight: 400\">se siguen las aventuras de Frank Cappa, un fot\u00f3grafo y reportero de guerra con firmes ideales que va por el mundo.<\/span><\/li>\n<\/ul>\n<p style=\"text-align: justify\"><span style=\"font-weight: 400\">\u00a0<\/span><\/p>\n<ul style=\"text-align: justify\">\n<li style=\"font-weight: 400\"><b>Porqu\u00e9 es interesante: <\/b><span style=\"font-weight: 400\">se trata de unos de los c\u00f3mics de aventuras m\u00e1s exitosos de la \u00e9poca.<\/span><\/li>\n<\/ul>\n<p style=\"text-align: justify\"><span style=\"font-weight: 400\">\u00a0<\/span><\/p>\n<ul style=\"text-align: justify\">\n<li style=\"font-weight: 400\"><b>T\u00edtulo m\u00e1s famoso: <\/b><span style=\"font-weight: 400\">\u00abEl tibur\u00f3n de agua dulce\u00bb.<\/span><\/li>\n<\/ul>\n<p style=\"text-align: justify\"><span style=\"font-weight: 400\">\u00a0<\/span><\/p>\n<h3 style=\"text-align: justify\"><span style=\"font-weight: 400\">18. Torpedo 1936<\/span><\/h3>\n<p style=\"text-align: justify\"><span style=\"font-weight: 400\">\u00a0<\/span><\/p>\n<figure id=\"attachment_630\" aria-describedby=\"caption-attachment-630\" style=\"width: 400px\" class=\"wp-caption aligncenter\"><img loading=\"lazy\" decoding=\"async\" class=\"wp-image-630\" src=\"https:\/\/www.coollibri.es\/blog\/wp-content\/uploads\/Torpedo-1936.jpg\" alt=\"Torpedo 1936\" width=\"400\" height=\"400\" srcset=\"https:\/\/www.coollibri.es\/blog\/wp-content\/uploads\/Torpedo-1936.jpg 800w, https:\/\/www.coollibri.es\/blog\/wp-content\/uploads\/Torpedo-1936-300x300.jpg 300w, https:\/\/www.coollibri.es\/blog\/wp-content\/uploads\/Torpedo-1936-150x150.jpg 150w, https:\/\/www.coollibri.es\/blog\/wp-content\/uploads\/Torpedo-1936-768x768.jpg 768w, https:\/\/www.coollibri.es\/blog\/wp-content\/uploads\/Torpedo-1936-400x400.jpg 400w\" sizes=\"auto, (max-width: 400px) 100vw, 400px\" \/><figcaption id=\"caption-attachment-630\" class=\"wp-caption-text\">Torpedo 1936<\/figcaption><\/figure>\n<p style=\"text-align: justify\">\u00a0<\/p>\n<p style=\"text-align: justify\"><span style=\"font-weight: 400\">\u00a0<\/span><\/p>\n<ul style=\"text-align: justify\">\n<li style=\"font-weight: 400\"><b>Caracter\u00edsticas: <\/b><span style=\"font-weight: 400\">escrita por Enrique S\u00e1nchez Abul\u00ed y dibujada por Jordi Bernet, se trata de un c\u00f3mic ambientado en el Nueva York de la Gran Depresi\u00f3n. Tuvo un total de 30 n\u00fameros y est\u00e1 dentro del g\u00e9nerode humor negro.<\/span><\/li>\n<\/ul>\n<p style=\"text-align: justify\"><span style=\"font-weight: 400\">\u00a0<\/span><\/p>\n<ul style=\"text-align: justify\">\n<li style=\"font-weight: 400\"><b>Trama: <\/b><span style=\"font-weight: 400\">se siguen las aventuras de un asesino a sueldo en EE.UU en la \u00e9poca de la gran depresi\u00f3n y de su compa\u00f1ero de faena.<\/span><\/li>\n<\/ul>\n<p style=\"text-align: justify\"><span style=\"font-weight: 400\">\u00a0<\/span><\/p>\n<ul style=\"text-align: justify\">\n<li style=\"font-weight: 400\"><b>Porqu\u00e9 es interesante: <\/b><span style=\"font-weight: 400\">supuso una revoluci\u00f3n en la \u00e9poca ya que se instaur\u00f3 el humor negro y se comenzaban a usar tam\u00e1ticas m\u00e1s internacionales con protagonistas antag\u00f3nicos que enganchaban al lector.<\/span><\/li>\n<\/ul>\n<p style=\"text-align: justify\"><span style=\"font-weight: 400\">\u00a0<\/span><\/p>\n<ul style=\"text-align: justify\">\n<li style=\"font-weight: 400\"><b>T\u00edtulo m\u00e1s famoso: <\/b><span style=\"font-weight: 400\">\u00abNo es oro todo lo que reluce\u00bb.<\/span><\/li>\n<\/ul>\n<p style=\"text-align: justify\"><span style=\"font-weight: 400\">\u00a0<\/span><\/p>\n<ul style=\"text-align: justify\">\n<li style=\"font-weight: 400\"><a href=\"https:\/\/www.tebeosfera.com\/sagas\/torpedo_1936_1982_abuli_toth_bernet.html\"><b>Web de \u00abTorpedo 1936\u00bb.<\/b><\/a><\/li>\n<\/ul>\n<p style=\"text-align: justify\"><span style=\"font-weight: 400\">\u00a0<\/span><\/p>\n<h3 style=\"text-align: justify\"><span style=\"font-weight: 400\">19. Hombre<\/span><\/h3>\n<p style=\"text-align: justify\"><span style=\"font-weight: 400\">\u00a0<\/span><\/p>\n<figure id=\"attachment_631\" aria-describedby=\"caption-attachment-631\" style=\"width: 400px\" class=\"wp-caption aligncenter\"><img loading=\"lazy\" decoding=\"async\" class=\"wp-image-631\" src=\"https:\/\/www.coollibri.es\/blog\/wp-content\/uploads\/Hombre.jpg\" alt=\"Hombre\" width=\"400\" height=\"400\" srcset=\"https:\/\/www.coollibri.es\/blog\/wp-content\/uploads\/Hombre.jpg 800w, https:\/\/www.coollibri.es\/blog\/wp-content\/uploads\/Hombre-300x300.jpg 300w, https:\/\/www.coollibri.es\/blog\/wp-content\/uploads\/Hombre-150x150.jpg 150w, https:\/\/www.coollibri.es\/blog\/wp-content\/uploads\/Hombre-768x768.jpg 768w, https:\/\/www.coollibri.es\/blog\/wp-content\/uploads\/Hombre-400x400.jpg 400w\" sizes=\"auto, (max-width: 400px) 100vw, 400px\" \/><figcaption id=\"caption-attachment-631\" class=\"wp-caption-text\">Hombre<\/figcaption><\/figure>\n<p style=\"text-align: justify\">\u00a0<\/p>\n<p style=\"text-align: justify\"><span style=\"font-weight: 400\">\u00a0<\/span><\/p>\n<ul style=\"text-align: justify\">\n<li style=\"font-weight: 400\"><b>Caracter\u00edsticas: <\/b><span style=\"font-weight: 400\">es una c\u00f3mic escrito por Antonio Segura y dibujado por Jos\u00e9 Ortiz que fue publicado en la revista Cimoc y que constituye una muestra de historieta de ciencia ficci\u00f3n. Tuvo un total de 59 n\u00fameros y una gran acogida por los lectores.<\/span><\/li>\n<\/ul>\n<p style=\"text-align: justify\"><span style=\"font-weight: 400\">\u00a0<\/span><\/p>\n<ul style=\"text-align: justify\">\n<li style=\"font-weight: 400\"><b>Trama: <\/b><span style=\"font-weight: 400\">se centra en un futuro post apocal\u00edptico el cual ha quedado desolado por las guerras. El protagonista debe sobrevivir en este ambiente y se caracteriza por su car\u00e1cter c\u00ednico y fr\u00edvolo.<\/span><\/li>\n<\/ul>\n<p style=\"text-align: justify\"><span style=\"font-weight: 400\">\u00a0<\/span><\/p>\n<ul style=\"text-align: justify\">\n<li style=\"font-weight: 400\"><b>Porqu\u00e9 es interesante: <\/b><span style=\"font-weight: 400\">es una muestra m\u00e1s de c\u00f3mo la novela gr\u00e1fica de ciencia ficci\u00f3n espa\u00f1ol triunf\u00f3 y lleg\u00f3 al extranejro.<\/span><\/li>\n<\/ul>\n<p style=\"text-align: justify\"><span style=\"font-weight: 400\">\u00a0<\/span><\/p>\n<ul style=\"text-align: justify\">\n<li style=\"font-weight: 400\"><b>T\u00edtulo m\u00e1s famoso: <\/b><span style=\"font-weight: 400\">\u00abLa herencia de la humanidad\u00bb.<\/span><\/li>\n<\/ul>\n<p style=\"text-align: justify\"><span style=\"font-weight: 400\">\u00a0<\/span><\/p>\n<ul style=\"text-align: justify\">\n<li style=\"font-weight: 400\"><a href=\"https:\/\/www.tebeosfera.com\/sagas\/hombre_1981_segura_ortiz.html\"><b>Web de \u00abHombre\u00bb.<\/b><\/a><\/li>\n<\/ul>\n<p style=\"text-align: justify\"><span style=\"font-weight: 400\">\u00a0<\/span><\/p>\n<h3 style=\"text-align: justify\"><span style=\"font-weight: 400\">20. Anarcoma<\/span><\/h3>\n<p style=\"text-align: justify\"><span style=\"font-weight: 400\">\u00a0<\/span><\/p>\n<figure id=\"attachment_632\" aria-describedby=\"caption-attachment-632\" style=\"width: 400px\" class=\"wp-caption aligncenter\"><img loading=\"lazy\" decoding=\"async\" class=\"wp-image-632\" src=\"https:\/\/www.coollibri.es\/blog\/wp-content\/uploads\/Anarcoma.jpg\" alt=\"Anarcoma\" width=\"400\" height=\"400\" srcset=\"https:\/\/www.coollibri.es\/blog\/wp-content\/uploads\/Anarcoma.jpg 800w, https:\/\/www.coollibri.es\/blog\/wp-content\/uploads\/Anarcoma-300x300.jpg 300w, https:\/\/www.coollibri.es\/blog\/wp-content\/uploads\/Anarcoma-150x150.jpg 150w, https:\/\/www.coollibri.es\/blog\/wp-content\/uploads\/Anarcoma-768x768.jpg 768w, https:\/\/www.coollibri.es\/blog\/wp-content\/uploads\/Anarcoma-400x400.jpg 400w\" sizes=\"auto, (max-width: 400px) 100vw, 400px\" \/><figcaption id=\"caption-attachment-632\" class=\"wp-caption-text\">Anarcoma<\/figcaption><\/figure>\n<p style=\"text-align: justify\">\u00a0<\/p>\n<p style=\"text-align: justify\"><span style=\"font-weight: 400\">\u00a0<\/span><\/p>\n<ul style=\"text-align: justify\">\n<li style=\"font-weight: 400\"><b>Caracter\u00edsticas: <\/b><span style=\"font-weight: 400\">creado por el dibujante y artista Nazario, Anarcoma es la mezcla entre Anarco y Carcoma y supuso todo un boom dentro de la revista \u00abV\u00edbora\u00bb reflejando ambientes sexualizados. Tuvo buena acogida desde el primer tomo y p\u00fablico en total 76 n\u00fameros.<\/span><\/li>\n<\/ul>\n<p style=\"text-align: justify\"><span style=\"font-weight: 400\">\u00a0<\/span><\/p>\n<ul style=\"text-align: justify\">\n<li style=\"font-weight: 400\"><b>Trama: <\/b><span style=\"font-weight: 400\">se sigue a lo largo del c\u00f3mic a un personaje homosexual en un ambiente de libertad sexual con contenido para adultos expl\u00edcito y ambiente de drogas y excesos.<\/span><\/li>\n<\/ul>\n<p style=\"text-align: justify\"><span style=\"font-weight: 400\">\u00a0<\/span><\/p>\n<ul style=\"text-align: justify\">\n<li style=\"font-weight: 400\"><b>Porqu\u00e9 es interesante: <\/b><span style=\"font-weight: 400\">fue uno de los c\u00f3mics m\u00e1s rompedores y transgresores de la \u00e9poca y supuso una innovaci\u00f3n dentro del c\u00f3mic para adultos.<\/span><\/li>\n<\/ul>\n<p style=\"text-align: justify\"><span style=\"font-weight: 400\">\u00a0<\/span><\/p>\n<ul style=\"text-align: justify\">\n<li style=\"font-weight: 400\"><b>T\u00edtulo m\u00e1s famoso: <\/b><span style=\"font-weight: 400\">en 2017 se publicaron la Obras Completas de Anarcoma.<\/span><\/li>\n<\/ul>\n<p style=\"text-align: justify\"><span style=\"font-weight: 400\">\u00a0<\/span><\/p>\n<ul style=\"text-align: justify\">\n<li style=\"font-weight: 400\"><a href=\"https:\/\/www.tebeosfera.com\/sagas\/anarcoma_1978_nazario.html\"><b>Web de Anarcoma.<\/b><\/a><\/li>\n<\/ul>\n<p style=\"text-align: justify\"><span style=\"font-weight: 400\">\u00a0<\/span><\/p>\n<h2 style=\"text-align: justify\"><b>C\u00f3mics de los 90<\/b><\/h2>\n<p style=\"text-align: justify\">\u00a0<\/p>\n<p style=\"text-align: justify\"><span style=\"font-weight: 400\">Con la desaparici\u00f3n en 1990 de la\u00a0 <\/span><b>Editorial Bruguer<\/b><span style=\"font-weight: 400\">a, el mundo del c\u00f3mic en Espa\u00f1a tuvo que reinventarse por completo. Todos los nichos que se hab\u00edan creando de tiras c\u00f3micas e historietas de aventuras populares se hab\u00edan deshinchado y parec\u00eda que el mundo del c\u00f3mic estaba perdiendo fuelle.<\/span><\/p>\n<p style=\"text-align: justify\"><span style=\"font-weight: 400\">\u00a0<\/span><\/p>\n<figure id=\"attachment_634\" aria-describedby=\"caption-attachment-634\" style=\"width: 400px\" class=\"wp-caption aligncenter\"><img loading=\"lazy\" decoding=\"async\" class=\"wp-image-634\" src=\"https:\/\/www.coollibri.es\/blog\/wp-content\/uploads\/Comics-de-los-90.jpg\" alt=\"C\u00f3mics de los 90\" width=\"400\" height=\"400\" srcset=\"https:\/\/www.coollibri.es\/blog\/wp-content\/uploads\/Comics-de-los-90.jpg 800w, https:\/\/www.coollibri.es\/blog\/wp-content\/uploads\/Comics-de-los-90-300x300.jpg 300w, https:\/\/www.coollibri.es\/blog\/wp-content\/uploads\/Comics-de-los-90-150x150.jpg 150w, https:\/\/www.coollibri.es\/blog\/wp-content\/uploads\/Comics-de-los-90-768x768.jpg 768w, https:\/\/www.coollibri.es\/blog\/wp-content\/uploads\/Comics-de-los-90-400x400.jpg 400w\" sizes=\"auto, (max-width: 400px) 100vw, 400px\" \/><figcaption id=\"caption-attachment-634\" class=\"wp-caption-text\">C\u00f3mics de los 90<\/figcaption><\/figure>\n<p style=\"text-align: justify\"><span style=\"font-weight: 400\">\u00a0<\/span><\/p>\n<p style=\"text-align: justify\"><span style=\"font-weight: 400\">Sin embargo, comenzaron a tomar protagonismo las historias que ven\u00edan de fuera de la frontera con <\/span><b>superh\u00e9roes y mangas<\/b><span style=\"font-weight: 400\">. Tambi\u00e9n comenz\u00f3 a tener protagonismo la creaci\u00f3n de editoriales independientes que apostaban por los cl\u00e1sicos TBO y por historias m\u00e1s independientes y, en ocasiones, autogestionadas.<\/span><\/p>\n<p style=\"text-align: justify\"><span style=\"font-weight: 400\">\u00a0<\/span><\/p>\n<h3 style=\"text-align: justify\"><span style=\"font-weight: 400\">21. Mondo Lirondo<\/span><\/h3>\n<p style=\"text-align: justify\"><span style=\"font-weight: 400\">\u00a0<\/span><\/p>\n<ul style=\"text-align: justify\">\n<li style=\"font-weight: 400\"><b>Caracter\u00edsticas: <\/b><span style=\"font-weight: 400\">Colectivo La Penya fue una asociaci\u00f3n de artistas que en los a\u00f1os 90 se decidi\u00f3 a crear un c\u00f3mic en formato de tira c\u00f3mica llamado \u00abMondo Lirondo\u00bb siguiendo la est\u00e9tica de Tebeo de a\u00f1os atr\u00e1s. Lo hicieron en formato c\u00f3mic-book y se llevaron el premio del Sal\u00f3n del C\u00f3mic de Barcelona.<\/span><\/li>\n<\/ul>\n<p style=\"text-align: justify\"><span style=\"font-weight: 400\">\u00a0<\/span><\/p>\n<ul style=\"text-align: justify\">\n<li style=\"font-weight: 400\"><b>Trama: <\/b><span style=\"font-weight: 400\">se trata de varias tiras c\u00f3micas por cada n\u00famero publicado en la cuales todo tipo de personajes, desde vegetales hasta personas recrean escenas humor\u00edsticas.<\/span><\/li>\n<\/ul>\n<p style=\"text-align: justify\"><span style=\"font-weight: 400\">\u00a0<\/span><\/p>\n<ul style=\"text-align: justify\">\n<li style=\"font-weight: 400\"><b>Porqu\u00e9 es interesante: <\/b><span style=\"font-weight: 400\">supuso una gran aportaci\u00f3n al sector del c\u00f3mic en los a\u00f1os 90 y el resurgir del g\u00e9nero c\u00f3mico.<\/span><\/li>\n<\/ul>\n<p style=\"text-align: justify\"><span style=\"font-weight: 400\">\u00a0<\/span><\/p>\n<h3 style=\"text-align: justify\"><span style=\"font-weight: 400\">22. Tess Tinieblas<\/span><\/h3>\n<p style=\"text-align: justify\">\u00a0<\/p>\n<ul style=\"text-align: justify\">\n<li style=\"font-weight: 400\"><b>Caracter\u00edsticas: <\/b><span style=\"font-weight: 400\">Fue creada por Germ\u00e1n Garc\u00eda a finales de los 90 y tuvo un total de 9 entregas y se centr\u00f3 en el g\u00e9nero de lo fant\u00e1stico.\u00a0<\/span><\/li>\n<\/ul>\n<p style=\"text-align: justify\"><span style=\"font-weight: 400\">\u00a0<\/span><\/p>\n<ul style=\"text-align: justify\">\n<li style=\"font-weight: 400\"><b>Trama: <\/b><span style=\"font-weight: 400\">son varias historias en formato de tira que est\u00e1n centradas en historias paranormales.<\/span><\/li>\n<\/ul>\n<p style=\"text-align: justify\"><span style=\"font-weight: 400\">\u00a0<\/span><\/p>\n<ul style=\"text-align: justify\">\n<li style=\"font-weight: 400\"><b>Porqu\u00e9 es interesante: <\/b><span style=\"font-weight: 400\">fue de los primeros c\u00f3mics en formato de tiras de g\u00e9nero fant\u00e1stico que opt\u00f3 por publicar en formato libro y tuvo una gran repercusi\u00f3n entre los lectores de la \u00e9poca.<\/span><\/li>\n<\/ul>\n<p style=\"text-align: justify\"><span style=\"font-weight: 400\">\u00a0<\/span><\/p>\n<ul style=\"text-align: justify\">\n<li style=\"font-weight: 400\"><b>T\u00edtulo m\u00e1s famoso:\u00a0 <\/b><span style=\"font-weight: 400\">\u00abEl cazafantasmas\u00bb.<\/span><\/li>\n<\/ul>\n<p style=\"text-align: justify\"><span style=\"font-weight: 400\">\u00a0<\/span><\/p>\n<h3 style=\"text-align: justify\"><span style=\"font-weight: 400\">23. Fanhunter<\/span><\/h3>\n<p style=\"text-align: justify\">\u00a0<\/p>\n<ul style=\"text-align: justify\">\n<li style=\"font-weight: 400\"><b>Caracter\u00edsticas: <\/b><span style=\"font-weight: 400\">Cels Pi\u00f1ol cre\u00f3 a finales de los noventa esta saga de c\u00f3mic en forma de parodia. Al principio surgieron como n\u00fameros aislados pero al ver el \u00e9xito se llegaron a dise\u00f1ar tomos y formatos de c\u00f3mic-book.<\/span><\/li>\n<\/ul>\n<p style=\"text-align: justify\"><span style=\"font-weight: 400\">\u00a0<\/span><\/p>\n<ul style=\"text-align: justify\">\n<li style=\"font-weight: 400\"><b>Trama: <\/b><span style=\"font-weight: 400\">se recrea un mundo en el que los fans son perseguidos y cazados y son personajes que solo tienen nariz. Es una parodia a la sociedad actual.<\/span><\/li>\n<\/ul>\n<p style=\"text-align: justify\"><span style=\"font-weight: 400\">\u00a0<\/span><\/p>\n<ul style=\"text-align: justify\">\n<li style=\"font-weight: 400\"><b>Porqu\u00e9 es interesante:\u00a0 <\/b><span style=\"font-weight: 400\">se ha creado todo un mundo en torno Fanhunters e incluso un juego de rol. Adem\u00e1s, es de los primeros fanzines que se crean en Espa\u00f1a.<\/span><\/li>\n<\/ul>\n<p style=\"text-align: justify\"><span style=\"font-weight: 400\">\u00a0<\/span><\/p>\n<ul style=\"text-align: justify\">\n<li style=\"font-weight: 400\"><b>T\u00edtulo m\u00e1s famoso: <\/b><span style=\"font-weight: 400\">\u00a0\u00abLa Batalla de Montju\u00efc\u00bb<\/span><\/li>\n<\/ul>\n<p style=\"text-align: justify\"><span style=\"font-weight: 400\">\u00a0<\/span><\/p>\n<ul style=\"text-align: justify\">\n<li style=\"font-weight: 400\"><a href=\"http:\/\/fanhunter.com\/\"><b>Web de Fanhunters.<\/b><\/a><\/li>\n<\/ul>\n<p style=\"text-align: justify\"><span style=\"font-weight: 400\">\u00a0<\/span><\/p>\n<h3 style=\"text-align: justify\"><span style=\"font-weight: 400\">24. Dragon Fall<\/span><\/h3>\n<p style=\"text-align: justify\">\u00a0<\/p>\n<ul style=\"text-align: justify\">\n<li style=\"font-weight: 400\"><b>Caracter\u00edsticas:<\/b><span style=\"font-weight: 400\"> se trata de una tira de c\u00f3mic en las cuales hay una fuerte parodia a todos los elementos del manga y de los superh\u00e9roes que estaban llegando del extranjero. Tiene 47 n\u00fameros.<\/span><\/li>\n<\/ul>\n<p style=\"text-align: justify\"><span style=\"font-weight: 400\">\u00a0<\/span><\/p>\n<ul style=\"text-align: justify\">\n<li style=\"font-weight: 400\"><b>Trama: <\/b><span style=\"font-weight: 400\">todas las tiras se centran en parodiar las series y c\u00f3mics de extranjeros como Tortujas Ninjas, Mortal Kombat, Asterix o Dragon Ball.<\/span><\/li>\n<\/ul>\n<p style=\"text-align: justify\"><span style=\"font-weight: 400\">\u00a0<\/span><\/p>\n<ul style=\"text-align: justify\">\n<li style=\"font-weight: 400\"><b>Porqu\u00e9 es interesante: <\/b><span style=\"font-weight: 400\">refleja a la perfecci\u00f3n con un toque de humor muy novedoso la realidad que se viv\u00eda en los 90 con el declive del c\u00f3mic y la influencia extranjera, incluso imitando los trazos del manga o de DC, algo de lo que luego se nutrir\u00eda Sergio Aragon\u00e9s.<\/span><\/li>\n<\/ul>\n<p style=\"text-align: justify\"><span style=\"font-weight: 400\">\u00a0<\/span><\/p>\n<ul style=\"text-align: justify\">\n<li style=\"font-weight: 400\"><b>T\u00edtulo m\u00e1s famoso:\u00a0 <\/b><span style=\"font-weight: 400\">\u00abPero \u00bfD\u00f3nde est\u00e1 Sos\u00f3n Gokuh?\u00bb<\/span><\/li>\n<\/ul>\n<p style=\"text-align: justify\"><span style=\"font-weight: 400\">\u00a0<\/span><\/p>\n<h3 style=\"text-align: justify\"><span style=\"font-weight: 400\">25. Gorka<\/span><\/h3>\n<p>&nbsp;<\/p>\n<ul style=\"text-align: justify\">\n<li style=\"font-weight: 400\"><b>Caracter\u00edsticas: <\/b><span style=\"font-weight: 400\">Sergi San Julian pretende continuar la l\u00ednea de novela m\u00e1s transgresora y para adultos de la \u00e9poca de los 80 con Gorka, una historieta inspirada en <\/span><i><span style=\"font-weight: 400\">Cerebus<\/span><\/i><span style=\"font-weight: 400\"> de Dave Sim. Est\u00e1 formada por dos grandes tomos.<\/span><\/li>\n<\/ul>\n<p style=\"text-align: justify\"><span style=\"font-weight: 400\">\u00a0<\/span><\/p>\n<ul style=\"text-align: justify\">\n<li style=\"font-weight: 400\"><b>Trama: <\/b><span style=\"font-weight: 400\">son tiras de corte fanstatico-er\u00f3tico.<\/span><\/li>\n<\/ul>\n<p style=\"text-align: justify\"><span style=\"font-weight: 400\">\u00a0<\/span><\/p>\n<ul style=\"text-align: justify\">\n<li style=\"font-weight: 400\"><b>Porqu\u00e9 es interesante: <\/b><span style=\"font-weight: 400\">se puede ver la evoluci\u00f3n del c\u00f3mic er\u00f3tico y para adultos desde los a\u00f1os 80 hasta finales casi de los 90 y la influencia de artistas de Europa.<\/span><\/li>\n<\/ul>\n<p style=\"text-align: justify\"><span style=\"font-weight: 400\">\u00a0<\/span><\/p>\n<h3 style=\"text-align: justify\"><span style=\"font-weight: 400\">26. Iberia Inc.<\/span><\/h3>\n<ul style=\"text-align: justify\">\n<li style=\"font-weight: 400\"><b>Caracter\u00edsticas: <\/b><span style=\"font-weight: 400\">dise\u00f1ada por Rafael Mar\u00edn y Carlos Pacheco, se trata de un c\u00f3mic de 6 n\u00fameros que fue editado por la colecci\u00f3n Laberinto de Planeta. Tienen un corte de ciencia ficci\u00f3n y superh\u00e9roes al estilo de Frank Miller o Stan Lee.<\/span><\/li>\n<\/ul>\n<p style=\"text-align: justify\"><span style=\"font-weight: 400\">\u00a0<\/span><\/p>\n<ul style=\"text-align: justify\">\n<li style=\"font-weight: 400\"><b>Trama: <\/b><span style=\"font-weight: 400\">en estos c\u00f3mics se presentan superh\u00e9roes propiamente espa\u00f1oles pero con una visi\u00f3n y est\u00e9tica parecida a la de Estados Unidos.<\/span><\/li>\n<\/ul>\n<p style=\"text-align: justify\"><span style=\"font-weight: 400\">\u00a0<\/span><\/p>\n<ul style=\"text-align: justify\">\n<li style=\"font-weight: 400\"><b>Porqu\u00e9 es interesante: <\/b><span style=\"font-weight: 400\">es una muestra de c\u00f3mo los artistas espa\u00f1oles quieren hacerse con el mercado internacional y se influencian de las tendencias de fuera.<\/span><\/li>\n<\/ul>\n<p style=\"text-align: justify\"><span style=\"font-weight: 400\">\u00a0<\/span><\/p>\n<ul style=\"text-align: justify\">\n<li style=\"font-weight: 400\"><b>T\u00edtulo m\u00e1s famoso: <\/b><span style=\"font-weight: 400\">\u00a0\u00abDrac de Ferro\u00bb.<\/span><\/li>\n<\/ul>\n<p style=\"text-align: justify\"><span style=\"font-weight: 400\">\u00a0<\/span><\/p>\n<ul style=\"text-align: justify\">\n<li style=\"font-weight: 400\"><a href=\"https:\/\/www.hobbyconsolas.com\/reportajes\/iberia-inc-review-supergrupo-carlos-pacheco-142964\"><b>Web de Iberia Inc.<\/b><\/a><\/li>\n<\/ul>\n<p style=\"text-align: justify\"><span style=\"font-weight: 400\">\u00a0<\/span><\/p>\n<h3 style=\"text-align: justify\"><span style=\"font-weight: 400\">27. Sue\u00f1os<\/span><\/h3>\n<ul style=\"text-align: justify\">\n<li style=\"font-weight: 400\"><b>Caracter\u00edsticas: <\/b><span style=\"font-weight: 400\">otra de las muestras de que las influencias extranjeras hac\u00edan mella en la \u00e9poca de los 90. Javier S\u00e1nchez propone un c\u00f3mic catalogado como el \u00abprimer manga espa\u00f1ol\u00bb. Con un total de 32 n\u00fameros, supo mezclar con \u00e9xito el estilo manga con las idiosincrasias espa\u00f1olas.<\/span><\/li>\n<\/ul>\n<p style=\"text-align: justify\"><span style=\"font-weight: 400\">\u00a0<\/span><\/p>\n<ul style=\"text-align: justify\">\n<li style=\"font-weight: 400\"><b>Trama: <\/b><span style=\"font-weight: 400\">se trata de un c\u00f3mic estilo manga con toques er\u00f3ticos y un trasfondo de humor picante.<\/span><\/li>\n<\/ul>\n<p style=\"text-align: justify\"><span style=\"font-weight: 400\">\u00a0<\/span><\/p>\n<ul style=\"text-align: justify\">\n<li style=\"font-weight: 400\"><b>Porqu\u00e9 es interesante: <\/b><span style=\"font-weight: 400\">es un c\u00f3mic que tuvo mucho \u00e9xito en su \u00e9poca y que supone una buena s\u00edntesis entre lo extranjero del manga con el humor espa\u00f1ol.<\/span><\/li>\n<\/ul>\n<p style=\"text-align: justify\"><span style=\"font-weight: 400\">\u00a0<\/span><\/p>\n<h2 style=\"text-align: justify\"><b>C\u00f3mics actuales<\/b><\/h2>\n<p style=\"text-align: justify\">\u00a0<\/p>\n<p style=\"text-align: justify\"><span style=\"font-weight: 400\">Toda la historia del c\u00f3mic nos ha llevado hasta este momento. El mundo de la novela gr\u00e1fica y de las tiras c\u00f3micas est\u00e1n en un <\/span><b>momento de fervor<\/b><span style=\"font-weight: 400\">. Los artistas espa\u00f1oles se han hecho un gran hueco en la industria del c\u00f3mic y se han atrevido a experimentar, teniendo multitud de tem\u00e1ticas y de estilos.<\/span><\/p>\n<p style=\"text-align: justify\"><span style=\"font-weight: 400\">\u00a0<\/span><\/p>\n<figure id=\"attachment_639\" aria-describedby=\"caption-attachment-639\" style=\"width: 400px\" class=\"wp-caption aligncenter\"><img loading=\"lazy\" decoding=\"async\" class=\"wp-image-639\" src=\"https:\/\/www.coollibri.es\/blog\/wp-content\/uploads\/Comics-actuales.jpg\" alt=\"C\u00f3mics actuales\" width=\"400\" height=\"400\" srcset=\"https:\/\/www.coollibri.es\/blog\/wp-content\/uploads\/Comics-actuales.jpg 800w, https:\/\/www.coollibri.es\/blog\/wp-content\/uploads\/Comics-actuales-300x300.jpg 300w, https:\/\/www.coollibri.es\/blog\/wp-content\/uploads\/Comics-actuales-150x150.jpg 150w, https:\/\/www.coollibri.es\/blog\/wp-content\/uploads\/Comics-actuales-768x768.jpg 768w, https:\/\/www.coollibri.es\/blog\/wp-content\/uploads\/Comics-actuales-400x400.jpg 400w\" sizes=\"auto, (max-width: 400px) 100vw, 400px\" \/><figcaption id=\"caption-attachment-639\" class=\"wp-caption-text\">C\u00f3mics actuales<\/figcaption><\/figure>\n<p style=\"text-align: justify\"><span style=\"font-weight: 400\">\u00a0<\/span><\/p>\n<p style=\"text-align: justify\"><span style=\"font-weight: 400\">Toda la influencia internacional que se tuvo en los a\u00f1os 90 ha venido para quedarse junto a una cosecha propia de autores vanguardistas que cada a\u00f1o aportan ideas nuevas mezcladas con las <\/span><b>mejores t\u00e9cnicas de dise\u00f1o gr\u00e1fico<\/b><span style=\"font-weight: 400\"> e ilustraciones.<\/span><\/p>\n<p style=\"text-align: justify\"><span style=\"font-weight: 400\">\u00a0<\/span><\/p>\n<h3 style=\"text-align: justify\"><span style=\"font-weight: 400\">28. Alicia en el mundo real<\/span><\/h3>\n<p>&nbsp;<\/p>\n<ul style=\"text-align: justify\">\n<li style=\"font-weight: 400\"><b>Caracter\u00edsticas<\/b><span style=\"font-weight: 400\">: Isabel Franc y Susanna Mart\u00edn cuentan en forma de vi\u00f1etas una cr\u00f3nica y varias historias sobre mujeres.<\/span><\/li>\n<\/ul>\n<p style=\"text-align: justify\"><span style=\"font-weight: 400\">\u00a0<\/span><\/p>\n<ul style=\"text-align: justify\">\n<li style=\"font-weight: 400\"><b>Trama<\/b><span style=\"font-weight: 400\">: se trata el mundo y la realidad de una mujer con c\u00e1ncer de mama.<\/span><\/li>\n<\/ul>\n<p style=\"text-align: justify\"><span style=\"font-weight: 400\">\u00a0<\/span><\/p>\n<ul style=\"text-align: justify\">\n<li style=\"font-weight: 400\"><b>Porqu\u00e9 es interesante<\/b><span style=\"font-weight: 400\">: es interesante la forma en que se aborda el c\u00e1ncer de mam\u00e1 y una visi\u00f3n de humor y positivismo.<\/span><\/li>\n<\/ul>\n<p style=\"text-align: justify\"><span style=\"font-weight: 400\">\u00a0<\/span><\/p>\n<ul style=\"text-align: justify\">\n<li style=\"font-weight: 400\"><a href=\"https:\/\/www.normaeditorial.com\/noticia\/alicia-en-un-mundo-real-ganadora-del-premio-jennifer-quiles\"><b>Web de \u00abAlicia en el mundo real\u00bb.<\/b><\/a><\/li>\n<\/ul>\n<p style=\"text-align: justify\"><span style=\"font-weight: 400\">\u00a0<\/span><\/p>\n<h3 style=\"text-align: justify\"><span style=\"font-weight: 400\">29. Cenizas<\/span><\/h3>\n<p>&nbsp;<\/p>\n<ul style=\"text-align: justify\">\n<li style=\"font-weight: 400\"><b>Caracter\u00edsticas: <\/b><span style=\"font-weight: 400\">Alvaro Ortiz ha propuesto un c\u00f3mic del g\u00e9nero thriller en el cual se mezclan elementos cinematogr\u00e1ficos con toques de vanguardias surrealistas.<\/span><\/li>\n<\/ul>\n<p style=\"text-align: justify\"><span style=\"font-weight: 400\">\u00a0<\/span><\/p>\n<ul style=\"text-align: justify\">\n<li style=\"font-weight: 400\"><b>Trama: <\/b><span style=\"font-weight: 400\">tres amigos que hace a\u00f1os que no se ven coinciden en irse de viaje juntos y lo que comienza a pasar pasa a ser de lo m\u00e1s surrealista.<\/span><\/li>\n<\/ul>\n<p style=\"text-align: justify\"><span style=\"font-weight: 400\">\u00a0<\/span><\/p>\n<ul style=\"text-align: justify\">\n<li style=\"font-weight: 400\"><b>Porqu\u00e9 es interesante: <\/b><span style=\"font-weight: 400\">es un adaptaci\u00f3n al c\u00f3mic y novela gr\u00e1fica muy interesante y con influencias de grandes series de mafias y bandas como \u00abLos Soprano\u00bb.<\/span><\/li>\n<\/ul>\n<p style=\"text-align: justify\"><span style=\"font-weight: 400\">\u00a0<\/span><\/p>\n<h3 style=\"text-align: justify\"><span style=\"font-weight: 400\">30. El fantasma de Gaud\u00ed<\/span><\/h3>\n<p style=\"text-align: justify\">\u00a0<\/p>\n<ul style=\"text-align: justify\">\n<li style=\"font-weight: 400\"><b>Caracter\u00edsticas: <\/b><span style=\"font-weight: 400\">c\u00f3mic en formato c\u00f3mic-book de estilo policiaco escrito por El Torres y Jes\u00fas Alonso Iglesias, mezclando unos gr\u00e1ficos con aires antiguos pero la novedad de las series policiacas de los 90 en EE.UU.<\/span><\/li>\n<\/ul>\n<p style=\"text-align: justify\"><span style=\"font-weight: 400\">\u00a0<\/span><\/p>\n<ul style=\"text-align: justify\">\n<li style=\"font-weight: 400\"><b>Trama:<\/b><span style=\"font-weight: 400\"> una investigaci\u00f3n comienza despu\u00e9s de ver c\u00f3mo se est\u00e1n cometiendo cr\u00edmenes frente a las principales obras de Gaud\u00ed en Barcelona.<\/span><\/li>\n<\/ul>\n<p style=\"text-align: justify\"><span style=\"font-weight: 400\">\u00a0<\/span><\/p>\n<ul style=\"text-align: justify\">\n<li style=\"font-weight: 400\"><b>Porqu\u00e9 es interesante: <\/b><span style=\"font-weight: 400\">es una mezcla perfecta entre una buena novela policiaca y un c\u00f3mic de costumbres.<\/span><\/li>\n<\/ul>\n<p style=\"text-align: justify\"><span style=\"font-weight: 400\">\u00a0<\/span><\/p>\n<ul style=\"text-align: justify\">\n<li style=\"font-weight: 400\"><a href=\"https:\/\/www.normacomics.com\/el-fantasma-de-gaudi.html\"><b>Web de \u00abEl fantasma de Gaud\u00ed\u00bb<\/b><\/a><\/li>\n<\/ul>\n<p style=\"text-align: justify\"><span style=\"font-weight: 400\">\u00a0<\/span><\/p>\n<h3 style=\"text-align: justify\"><span style=\"font-weight: 400\">31. Blacksad<\/span><\/h3>\n<p>&nbsp;<\/p>\n<ul style=\"text-align: justify\">\n<li style=\"font-weight: 400\"><b>Caracter\u00edsticas: <\/b><span style=\"font-weight: 400\">considerado uno de los mejores c\u00f3mics espa\u00f1oles de los \u00faltimos tiempos, Juan D\u00edaz Canales y Juanjo Guarnido han hecho un c\u00f3mic-book de corte detectivesco ambientado en la \u00e9poca de los 50 en EE.UU.<\/span><\/li>\n<\/ul>\n<p style=\"text-align: justify\"><span style=\"font-weight: 400\">\u00a0<\/span><\/p>\n<ul style=\"text-align: justify\">\n<li style=\"font-weight: 400\"><b>Trama: <\/b><span style=\"font-weight: 400\">el c\u00f3mic trata sobre los casos que tiene que resolver el detective Blacksad en un mundo antropom\u00f3rfico ambientado en los EEUU de los a\u00f1os 50.<\/span><\/li>\n<\/ul>\n<p style=\"text-align: justify\"><span style=\"font-weight: 400\">\u00a0<\/span><\/p>\n<ul style=\"text-align: justify\">\n<li style=\"font-weight: 400\"><b>Porqu\u00e9 es interesante: <\/b><span style=\"font-weight: 400\">ha sido premiado como uno de los mejores c\u00f3mics de los \u00faltimos a\u00f1os en espa\u00f1ol y tiene varias adaptaciones como videojuegos.<\/span><\/li>\n<\/ul>\n<p style=\"text-align: justify\"><span style=\"font-weight: 400\">\u00a0<\/span><\/p>\n<ul style=\"text-align: justify\">\n<li style=\"font-weight: 400\"><a href=\"https:\/\/www.normaeditorial.com\/ficha\/comic-europeo\/blacksad\/blacksad\/blacksad-integral-ed-en-castellano\"><b>Web de \u00abBlacksad\u00bb.<\/b><\/a><\/li>\n<\/ul>\n<p style=\"text-align: justify\"><span style=\"font-weight: 400\">\u00a0<\/span><\/p>\n<h3 style=\"text-align: justify\"><span style=\"font-weight: 400\">32. El ala rota<\/span><\/h3>\n<p style=\"text-align: justify\">\u00a0<\/p>\n<ul style=\"text-align: justify\">\n<li style=\"font-weight: 400\"><b>Caracter\u00edsticas: <\/b><span style=\"font-weight: 400\">Antonio Altarriba y Kim publicaron un c\u00f3mic-book ambientado en la guerra civil con un corte hist\u00f3rico de car\u00e1cter social.<\/span><\/li>\n<\/ul>\n<p style=\"text-align: justify\"><span style=\"font-weight: 400\">\u00a0<\/span><\/p>\n<ul style=\"text-align: justify\">\n<li style=\"font-weight: 400\"><b>Trama: <\/b><span style=\"font-weight: 400\">la protagonista es una mujer en plena Guerra Civil Espa\u00f1ola que desde que nace tiene un brazo inmovil y tiene que aprender a salir adelante.<\/span><\/li>\n<\/ul>\n<p style=\"text-align: justify\"><span style=\"font-weight: 400\">\u00a0<\/span><\/p>\n<ul style=\"text-align: justify\">\n<li style=\"font-weight: 400\"><b>Porqu\u00e9 es interesante:<\/b><span style=\"font-weight: 400\"> se vuelve de nuevo a la novela gr\u00e1fica historica en blanco y negro para trata un tema sensible.<\/span><\/li>\n<\/ul>\n<p style=\"text-align: justify\"><span style=\"font-weight: 400\">\u00a0<\/span><\/p>\n<ul style=\"text-align: justify\">\n<li style=\"font-weight: 400\"><a href=\"https:\/\/www.normaeditorial.com\/ficha\/comic-europeo\/el-ala-rota\"><b>Web de \u00abEl ala rota\u00bb.<\/b><\/a><\/li>\n<\/ul>\n<p style=\"text-align: justify\"><span style=\"font-weight: 400\">\u00a0<\/span><\/p>\n<h3 style=\"text-align: justify\"><span style=\"font-weight: 400\">33. Semillas<\/span><\/h3>\n<p style=\"text-align: justify\"><span style=\"font-weight: 400\">\u00a0<\/span><\/p>\n<ul style=\"text-align: justify\">\n<li style=\"font-weight: 400\"><b>Caracter\u00edsticas: <\/b><span style=\"font-weight: 400\">el reputado dibujante David Aja presenta el que ha sido catalogado como mejor c\u00f3mic del 2021 en Espa\u00f1a. Un c\u00f3mic-book con tintes futuristas y un estilo pulido.<\/span><\/li>\n<\/ul>\n<p style=\"text-align: justify\"><span style=\"font-weight: 400\">\u00a0<\/span><\/p>\n<ul style=\"text-align: justify\">\n<li style=\"font-weight: 400\"><b>Trama: <\/b><span style=\"font-weight: 400\">se trata de una historia futurista relacionada con el medio ambiente y con la extinci\u00f3n de las abejas.<\/span><\/li>\n<\/ul>\n<p style=\"text-align: justify\"><span style=\"font-weight: 400\">\u00a0<\/span><\/p>\n<ul style=\"text-align: justify\">\n<li style=\"font-weight: 400\"><b>Porqu\u00e9 es interesante: <\/b><span style=\"font-weight: 400\">este tipo de c\u00f3mic prometen ser una nueva tendencia dentro de todo el mundo de la novela gr\u00e1fica cargado de estilos novedosos y est\u00e9ticas y tem\u00e1ticas actuales.<\/span><\/li>\n<\/ul>\n<p style=\"text-align: justify\"><span style=\"font-weight: 400\">\u00a0<\/span><\/p>\n<h3 style=\"text-align: justify\"><span style=\"font-weight: 400\">34. El futuro que no fue<\/span><\/h3>\n<p style=\"text-align: justify\">\u00a0<\/p>\n<ul style=\"text-align: justify\">\n<li style=\"font-weight: 400\"><b>Caracter\u00edsticas: <\/b><span style=\"font-weight: 400\">Roco Vargas ha hecho una secuela en Norma Editorial de uno de los personajes secundarios de hace cuarenta a\u00f1os para recrear de nuevo una tira de c\u00f3mic que se nutre del cine negro de EE.UU.<\/span><\/li>\n<\/ul>\n<p style=\"text-align: justify\"><span style=\"font-weight: 400\">\u00a0<\/span><\/p>\n<ul style=\"text-align: justify\">\n<li style=\"font-weight: 400\"><b>Trama: <\/b><span style=\"font-weight: 400\">se desarrolla una trama a partir de la investigaci\u00f3n de un caso en el que parece que est\u00e1n metidas las grandes empresas de publicidad del mundo.<\/span><\/li>\n<\/ul>\n<p style=\"text-align: justify\"><span style=\"font-weight: 400\">\u00a0<\/span><\/p>\n<ul style=\"text-align: justify\">\n<li style=\"font-weight: 400\"><b>Porqu\u00e9 es interesante: <\/b><span style=\"font-weight: 400\">se logra recuperar de una manera fresca y din\u00e1mica un personaje de hace 40 a\u00f1os y meterlo en una trama actual.<\/span><\/li>\n<\/ul>\n<p style=\"text-align: justify\"><span style=\"font-weight: 400\">\u00a0<\/span><\/p>\n<ul style=\"text-align: justify\">\n<li style=\"font-weight: 400\"><a href=\"https:\/\/www.normaeditorial.com\/ficha\/comic-europeo\/el-futuro-que-no-fue\"><b>Web de \u00abEl futuro que no fue\u00bb.<\/b><\/a><\/li>\n<\/ul>\n<p style=\"text-align: justify\"><span style=\"font-weight: 400\">\u00a0<\/span><\/p>\n<h3 style=\"text-align: justify\"><span style=\"font-weight: 400\">35. A\u00f1o 1000<\/span><\/h3>\n<p style=\"text-align: justify\">\u00a0<\/p>\n<ul style=\"text-align: justify\">\n<li style=\"font-weight: 400\"><b>Caracter\u00edsticas: <\/b><span style=\"font-weight: 400\">se trata de una tira de c\u00f3mics de corte hist\u00f3rico y con unos gr\u00e1ficos imitando a los t\u00edpicos de los a\u00f1os 80. Manolo Matji y Sergio C\u00f3rdoba se centran en un tipo de c\u00f3mic hist\u00f3rico y de misterio.<\/span><\/li>\n<\/ul>\n<p style=\"text-align: justify\"><span style=\"font-weight: 400\">\u00a0<\/span><\/p>\n<ul style=\"text-align: justify\">\n<li style=\"font-weight: 400\"><b>Trama: <\/b><span style=\"font-weight: 400\">ambientado en la Edad Media, el c\u00f3mic se centra en retratar las leyendas y misterios que hab\u00eda en la Espa\u00f1a musulmana.<\/span><\/li>\n<\/ul>\n<p style=\"text-align: justify\"><span style=\"font-weight: 400\">\u00a0<\/span><\/p>\n<ul style=\"text-align: justify\">\n<li style=\"font-weight: 400\"><b>Porqu\u00e9 es interesante: <\/b><span style=\"font-weight: 400\">el ambiente y mundo que se recrea es muy original y engancha al lector.<\/span><\/li>\n<\/ul>\n<p style=\"text-align: justify\"><span style=\"font-weight: 400\">\u00a0<\/span><\/p>\n<ul style=\"text-align: justify\">\n<li style=\"font-weight: 400\"><b>T\u00edtulo m\u00e1s famoso: <\/b><span style=\"font-weight: 400\">\u00abLa leyenda de los siete infantes de Lara\u00bb.<\/span><\/li>\n<\/ul>\n<p style=\"text-align: justify\"><span style=\"font-weight: 400\">\u00a0<\/span><\/p>\n<h3 style=\"text-align: justify\"><span style=\"font-weight: 400\">36. Jazz Maynard<\/span><\/h3>\n<p style=\"text-align: justify\">\u00a0<\/p>\n<ul style=\"text-align: justify\">\n<li style=\"font-weight: 400\"><b>Caracter\u00edsticas: <\/b><span style=\"font-weight: 400\">creada por Raule y Roger Ib\u00e1\u00f1ez, se trata de un c\u00f3mic-book de corte drama y con toques de novela negra. Con una fuerte influencia de los c\u00f3mics de los 70 en Espa\u00f1a y de la est\u00e9tica de Alan Moore.<\/span><\/li>\n<\/ul>\n<p style=\"text-align: justify\"><span style=\"font-weight: 400\">\u00a0<\/span><\/p>\n<ul style=\"text-align: justify\">\n<li style=\"font-weight: 400\"><b>Trama: <\/b><span style=\"font-weight: 400\">se trata de un m\u00fasico de jazz que lleva a\u00f1os viviendo en EE.UU y vuelve a su Barcelona natal, donde encuentra que las cosas han cambiado mucho.<\/span><\/li>\n<\/ul>\n<p style=\"text-align: justify\"><span style=\"font-weight: 400\">\u00a0<\/span><\/p>\n<ul style=\"text-align: justify\">\n<li style=\"font-weight: 400\"><b>Porqu\u00e9 es interesante: <\/b><span style=\"font-weight: 400\">propone un tipo de c\u00f3mic dram\u00e1tico y para adultos con una est\u00e9tica oriental al estilo manga.<\/span><\/li>\n<\/ul>\n<p style=\"text-align: justify\"><span style=\"font-weight: 400\">\u00a0<\/span><\/p>\n<ul style=\"text-align: justify\">\n<li style=\"font-weight: 400\"><a href=\"https:\/\/www.diaboloediciones.com\/jazz-maynard-integral\/\"><b>Web de \u00abJazz Maynard\u00bb.<\/b><\/a><\/li>\n<\/ul>\n<p style=\"text-align: justify\"><span style=\"font-weight: 400\">\u00a0<\/span><\/p>\n<h3 style=\"text-align: justify\"><span style=\"font-weight: 400\">37. El h\u00e9roe<\/span><\/h3>\n<p>&nbsp;<\/p>\n<ul style=\"text-align: justify\">\n<li style=\"font-weight: 400\"><b>Caracter\u00edsticas: <\/b><span style=\"font-weight: 400\">David Rub\u00edn propone un c\u00f3mic de estilo pop y corte futurista pero ambientado en una recreaci\u00f3n mitol\u00f3gica.<\/span><\/li>\n<\/ul>\n<p style=\"text-align: justify\"><span style=\"font-weight: 400\">\u00a0<\/span><\/p>\n<ul style=\"text-align: justify\">\n<li style=\"font-weight: 400\"><b>Trama: <\/b><span style=\"font-weight: 400\">se trata de la recreaci\u00f3n del mito de Heracles pero con un estilo y est\u00e9tica de superh\u00e9roe.<\/span><\/li>\n<\/ul>\n<p style=\"text-align: justify\"><span style=\"font-weight: 400\">\u00a0<\/span><\/p>\n<ul style=\"text-align: justify\">\n<li style=\"font-weight: 400\"><b>Porqu\u00e9 es interesante: <\/b><span style=\"font-weight: 400\">es una propuesta que pretende transformar un mito cl\u00e1sico en un producto de consumo al estilo pop.<\/span><\/li>\n<\/ul>\n<p style=\"text-align: justify\"><span style=\"font-weight: 400\">\u00a0<\/span><\/p>\n<h3 style=\"text-align: justify\"><span style=\"font-weight: 400\">38. Doctor Uriel<\/span><\/h3>\n<h3 style=\"text-align: justify\"><span style=\"font-weight: 400\">\u00a0<\/span><\/h3>\n<ul style=\"text-align: justify\">\n<li style=\"font-weight: 400\"><b>Caracter\u00edsticas: \u00ab<\/b><span style=\"font-weight: 400\">Doctor Uriel\u00bb es un c\u00f3mic de Sento de la editorial Astiberri, con un corte hist\u00f3rico y un estilo muy marcado por la est\u00e9tica de los tebeos de los a\u00f1os 50 en Espa\u00f1a en medio de una trama dram\u00e1tica de la Guerra Civil.<\/span><\/li>\n<\/ul>\n<p style=\"text-align: justify\"><span style=\"font-weight: 400\">\u00a0<\/span><\/p>\n<ul style=\"text-align: justify\">\n<li style=\"font-weight: 400\"><b>Trama: <\/b><span style=\"font-weight: 400\">un reci\u00e9n egresado estudiante de medicina le toca estrenarse en el verano del 36, reci\u00e9n comenzada la guerra.<\/span><\/li>\n<\/ul>\n<p style=\"text-align: justify\"><span style=\"font-weight: 400\">\u00a0<\/span><\/p>\n<ul style=\"text-align: justify\">\n<li style=\"font-weight: 400\"><b>Porqu\u00e9 es interesante: <\/b><span style=\"font-weight: 400\">es muy ingenioso y original juntar una est\u00e9tica de tira de c\u00f3mic cl\u00e1sica con una tem\u00e1tica hist\u00f3rica con tanto trasfondo.<\/span><\/li>\n<\/ul>\n<p style=\"text-align: justify\"><span style=\"font-weight: 400\">\u00a0<\/span><\/p>\n<h3 style=\"text-align: justify\"><span style=\"font-weight: 400\">39. Arrugas<\/span><\/h3>\n<p>&nbsp;<\/p>\n<ul style=\"text-align: justify\">\n<li style=\"font-weight: 400\"><b>Caracter\u00edsticas: <\/b><span style=\"font-weight: 400\">Paco Roca es el creador de esta novela gr\u00e1fica que pretende estar al servicio de la historia con unas ilustraciones sencillas cargadas de una paleta de colores c\u00e1lidos. Se public\u00f3 en 2007 y ha tenido una gran acogida.<\/span><\/li>\n<\/ul>\n<p style=\"text-align: justify\"><span style=\"font-weight: 400\">\u00a0<\/span><\/p>\n<ul style=\"text-align: justify\">\n<li style=\"font-weight: 400\"><b>Trama:<\/b><span style=\"font-weight: 400\"> la vida de un geriatrico cuando llega Emilio, un paciente con alzheimer.<\/span><\/li>\n<\/ul>\n<p style=\"text-align: justify\"><span style=\"font-weight: 400\">\u00a0<\/span><\/p>\n<ul style=\"text-align: justify\">\n<li style=\"font-weight: 400\"><b>Porqu\u00e9 es interesante: <\/b><span style=\"font-weight: 400\">es muy original y talentosa la forma en que se toca el tema del alzheimer a trav\u00e9s de im\u00e1genes y de escenas sencillas sin caer en el morbo o lo lacrim\u00f3geno.<\/span><\/li>\n<\/ul>\n<p style=\"text-align: justify\"><span style=\"font-weight: 400\">\u00a0<\/span><\/p>\n<ul style=\"text-align: justify\">\n<li style=\"font-weight: 400\"><a href=\"https:\/\/www.pacoroca.com\/portfolio\/arrugas\"><b>Web de \u00abArrugas\u00bb.<\/b><\/a><\/li>\n<\/ul>\n<p style=\"text-align: justify\"><span style=\"font-weight: 400\">\u00a0<\/span><\/p>\n<h3 style=\"text-align: justify\"><span style=\"font-weight: 400\">40. El Sr.Joaqu\u00edn y la mec\u00e1nica celeste<\/span><\/h3>\n<p>&nbsp;<\/p>\n<ul style=\"text-align: justify\">\n<li style=\"font-weight: 400\"><b>Caracter\u00edsticas:<\/b><span style=\"font-weight: 400\"> este c\u00f3mic se ha ganado gran reconocimiento en el Sal\u00f3n del C\u00f3mic de Barcelona y su creador Mart\u00edn Saur\u00ed propone un tipo de c\u00f3mic con un estilo moderno y novedoso pero con una tem\u00e1tica muy cl\u00e1sica: la historia de un vecindario.<\/span><\/li>\n<\/ul>\n<p style=\"text-align: justify\"><span style=\"font-weight: 400\">\u00a0<\/span><\/p>\n<ul style=\"text-align: justify\">\n<li style=\"font-weight: 400\"><b>Trama: <\/b><span style=\"font-weight: 400\">se trata de varias historias de los vecinos de un edificio de Barcelona, sus anhelos, sus preocupaciones y su pasado.<\/span><\/li>\n<\/ul>\n<p style=\"text-align: justify\"><span style=\"font-weight: 400\">\u00a0<\/span><\/p>\n<ul style=\"text-align: justify\">\n<li style=\"font-weight: 400\"><b>Porqu\u00e9 es interesante: <\/b><span style=\"font-weight: 400\">tiene una tem\u00e1tica que remite al pasado con tebeos cl\u00e1sicos o como obras teatrales como \u00abHistoria de una escalera\u00bb pero con una est\u00e9tica nueva y fresca.<\/span><\/li>\n<\/ul>\n<p style=\"text-align: justify\"><span style=\"font-weight: 400\">\u00a0<\/span><\/p>\n<ul style=\"text-align: justify\">\n<li style=\"font-weight: 400\"><a href=\"https:\/\/www.normaeditorial.com\/ficha\/comic-europeo\/el-sr-joaquin-y-la-mecanica-celeste\"><b>Web de \u00abEl Sr. Joaqu\u00edn y la mec\u00e1nica celeste\u00bb.<\/b><\/a><\/li>\n<\/ul>\n<p style=\"text-align: justify\"><span style=\"font-weight: 400\">\u00a0<\/span><\/p>\n<h2 style=\"text-align: justify\"><b>C\u00f3mics para ni\u00f1os<\/b><\/h2>\n<p style=\"text-align: justify\"><span style=\"font-weight: 400\">\u00a0<\/span><\/p>\n<p style=\"text-align: justify\"><b>Los c\u00f3mics en Espa\u00f1a<\/b><span style=\"font-weight: 400\"> tomaron desde los a\u00f1os 70 una vertiente hacia la libertad de expresi\u00f3n y la tem\u00e1tica de adultos, pero no se debe olvidar que el origen de las tiras c\u00f3micas es la diversi\u00f3n y las historietas para ni\u00f1os. Uno de los tebeos m\u00e1s buscados en Wikipedia en Espa\u00f1a es sin duda el m\u00edtico c\u00f3mic de super humor de <\/span><b>Mortadelo y Filem\u00f3n.\u00a0<\/b><\/p>\n<p style=\"text-align: justify\"><span style=\"font-weight: 400\">Pero, adem\u00e1s de este cl\u00e1sico, hay otros t\u00edtulos sonados y nuevas creaciones que est\u00e1n nutriendo la lectura de j\u00f3venes desde bien temprano.<\/span><\/p>\n<p>&nbsp;<\/p>\n<figure id=\"attachment_643\" aria-describedby=\"caption-attachment-643\" style=\"width: 400px\" class=\"wp-caption aligncenter\"><img loading=\"lazy\" decoding=\"async\" class=\"wp-image-643\" src=\"https:\/\/www.coollibri.es\/blog\/wp-content\/uploads\/Comics-para-ninos.jpg\" alt=\"C\u00f3mics para ni\u00f1os\" width=\"400\" height=\"400\" srcset=\"https:\/\/www.coollibri.es\/blog\/wp-content\/uploads\/Comics-para-ninos.jpg 800w, https:\/\/www.coollibri.es\/blog\/wp-content\/uploads\/Comics-para-ninos-300x300.jpg 300w, https:\/\/www.coollibri.es\/blog\/wp-content\/uploads\/Comics-para-ninos-150x150.jpg 150w, https:\/\/www.coollibri.es\/blog\/wp-content\/uploads\/Comics-para-ninos-768x768.jpg 768w, https:\/\/www.coollibri.es\/blog\/wp-content\/uploads\/Comics-para-ninos-400x400.jpg 400w\" sizes=\"auto, (max-width: 400px) 100vw, 400px\" \/><figcaption id=\"caption-attachment-643\" class=\"wp-caption-text\">C\u00f3mics para ni\u00f1os<\/figcaption><\/figure>\n<p style=\"text-align: justify\"><span style=\"font-weight: 400\">\u00a0<\/span><\/p>\n<h3 style=\"text-align: justify\"><span style=\"font-weight: 400\">41. Mortadelo y Filem\u00f3n<\/span><\/h3>\n<p>&nbsp;<\/p>\n<ul style=\"text-align: justify\">\n<li style=\"font-weight: 400\"><b>Caracter\u00edsticas: <\/b><span style=\"font-weight: 400\">Francisco Iba\u00f1ez es el creador de esta historieta c\u00f3mica que se iba publicando por n\u00fameros y que sigue vigente en la actualidad. Se trata de un corte de tebeo cl\u00e1sico ideal para ni\u00f1os.<\/span><\/li>\n<\/ul>\n<p style=\"text-align: justify\"><span style=\"font-weight: 400\">\u00a0<\/span><\/p>\n<ul style=\"text-align: justify\">\n<li style=\"font-weight: 400\"><b>Trama:<\/b><span style=\"font-weight: 400\"> son las aventuras de dos detectives que no tienen muchas cualidades y siempre les sale todo mal.<\/span><\/li>\n<\/ul>\n<p style=\"text-align: justify\"><span style=\"font-weight: 400\">\u00a0<\/span><\/p>\n<ul style=\"text-align: justify\">\n<li style=\"font-weight: 400\"><b>Porqu\u00e9 es interesante: <\/b><span style=\"font-weight: 400\">es un cl\u00e1sico de los tebeos de Espa\u00f1a y sus aventuras han cruzado fronteras e incluso se ha llevado a la gran pantalla.<\/span><\/li>\n<\/ul>\n<p style=\"text-align: justify\"><span style=\"font-weight: 400\">\u00a0<\/span><\/p>\n<ul style=\"text-align: justify\">\n<li style=\"font-weight: 400\"><b>T\u00edtulo m\u00e1s famoso: <\/b><span style=\"font-weight: 400\">\u00abEl caso de los se\u00f1ores peque\u00f1itos\u00bb.<\/span><\/li>\n<\/ul>\n<p style=\"text-align: justify\"><span style=\"font-weight: 400\">\u00a0<\/span><\/p>\n<ul style=\"text-align: justify\">\n<li style=\"font-weight: 400\"><a href=\"https:\/\/www.penguinlibros.com\/es\/content\/102-libros-mortadelo-y-filemon\"><b>Web de \u00abMortadelo y Filem\u00f3n\u00bb.<\/b><\/a><\/li>\n<\/ul>\n<p style=\"text-align: justify\"><span style=\"font-weight: 400\">\u00a0<\/span><\/p>\n<h3 style=\"text-align: justify\"><span style=\"font-weight: 400\">42. Zipi y Zape<\/span><\/h3>\n<p>&nbsp;<\/p>\n<ul style=\"text-align: justify\">\n<li style=\"font-weight: 400\"><b>Caracter\u00edsticas: <\/b><span style=\"font-weight: 400\">Otro de los grandes cl\u00e1sicos de los c\u00f3mics que han marcado la infancia de toda una generaci\u00f3n. Zipi y Zape es una tira c\u00f3mica creada por Jos\u00e9 Escobar que fue hecha en los a\u00f1os 50 pero sigue vigente hoy d\u00eda.<\/span><\/li>\n<\/ul>\n<p style=\"text-align: justify\"><span style=\"font-weight: 400\">\u00a0<\/span><\/p>\n<ul style=\"text-align: justify\">\n<li style=\"font-weight: 400\"><b>Trama: <\/b><span style=\"font-weight: 400\">se trata de las travesuras de dos hermanos.<\/span><\/li>\n<\/ul>\n<p style=\"text-align: justify\"><span style=\"font-weight: 400\">\u00a0<\/span><\/p>\n<ul style=\"text-align: justify\">\n<li style=\"font-weight: 400\"><b>Porqu\u00e9 es interesante:<\/b><span style=\"font-weight: 400\"> es todo un cl\u00e1sico del humor espa\u00f1ol en la d\u00e9cada de los 50 y se ha llegado a llevar a series de dibujos en canales infantiles.<\/span><\/li>\n<\/ul>\n<p style=\"text-align: justify\"><span style=\"font-weight: 400\">\u00a0<\/span><\/p>\n<ul style=\"text-align: justify\">\n<li style=\"font-weight: 400\"><b>T\u00edtulo m\u00e1s famoso: <\/b><span style=\"font-weight: 400\">\u00abCaballeros andantes\u00bb.<\/span><\/li>\n<\/ul>\n<p style=\"text-align: justify\"><span style=\"font-weight: 400\">\u00a0<\/span><\/p>\n<ul style=\"text-align: justify\">\n<li style=\"font-weight: 400\"><a href=\"https:\/\/www.tebeosfera.com\/sagas\/zipi_y_zape_1948_escobar.html\"><b>Web de \u00abZip y Zape\u00bb.<\/b><\/a><\/li>\n<\/ul>\n<p style=\"text-align: justify\"><span style=\"font-weight: 400\">\u00a0<\/span><\/p>\n<h3 style=\"text-align: justify\"><span style=\"font-weight: 400\">43. Sir Tim O\u00b4Theo<\/span><\/h3>\n<p>&nbsp;<\/p>\n<ul style=\"text-align: justify\">\n<li style=\"font-weight: 400\"><b>Caracter\u00edsticas: <\/b><span style=\"font-weight: 400\">se trata de una secuela de uno de los personajes de \u00abMortadelo y Filem\u00f3n\u00bb creada por el artista Raf.<\/span><\/li>\n<\/ul>\n<p style=\"text-align: justify\"><span style=\"font-weight: 400\">\u00a0<\/span><\/p>\n<ul style=\"text-align: justify\">\n<li style=\"font-weight: 400\"><b>Trama: <\/b><span style=\"font-weight: 400\">se trata de una parodia a la tem\u00e1tica policial y detectivesca de la mano de Tim O\u00b4Theo, que acaba resolviendo los casos m\u00e1s banales.<\/span><\/li>\n<\/ul>\n<p style=\"text-align: justify\"><span style=\"font-weight: 400\">\u00a0<\/span><\/p>\n<ul style=\"text-align: justify\">\n<li style=\"font-weight: 400\"><b>Porqu\u00e9 es interesante: <\/b><span style=\"font-weight: 400\">es una muestra de c\u00f3mo era el humor de los a\u00f1os 50 y 60 con una trama que sigue enganchado al lector.<\/span><\/li>\n<\/ul>\n<p style=\"text-align: justify\"><span style=\"font-weight: 400\">\u00a0<\/span><\/p>\n<ul style=\"text-align: justify\">\n<li style=\"font-weight: 400\"><a href=\"http:\/\/seronoser.free.fr\/bruguera\/sirtim.htm\"><b>Web de Sir Tim O\u00b4Theo.<\/b><\/a><\/li>\n<\/ul>\n<p style=\"text-align: justify\"><span style=\"font-weight: 400\">\u00a0<\/span><\/p>\n<h3 style=\"text-align: justify\"><span style=\"font-weight: 400\">44. SuperL\u00f3pez<\/span><\/h3>\n<p>&nbsp;<\/p>\n<ul style=\"text-align: justify\">\n<li style=\"font-weight: 400\"><b>Caracter\u00edsticas: <\/b><span style=\"font-weight: 400\">Juan L\u00f3pez Fern\u00e1ndez cre\u00f3 en los 70 una parodia de Superman para ni\u00f1os con un toque c\u00f3mico que triunf\u00f3 y se sigue desarrollando a d\u00eda de hoy. Sigue la est\u00e9tica y estilo de la tira de tebeo cl\u00e1sico espa\u00f1ol.<\/span><\/li>\n<\/ul>\n<p style=\"text-align: justify\"><span style=\"font-weight: 400\">\u00a0<\/span><\/p>\n<ul style=\"text-align: justify\">\n<li style=\"font-weight: 400\"><b>Trama: <\/b><span style=\"font-weight: 400\">el protagonista es SuperL\u00f3pez, una parodia de lo que ser\u00eda el Superman espa\u00f1ol.<\/span><\/li>\n<\/ul>\n<p style=\"text-align: justify\"><span style=\"font-weight: 400\">\u00a0<\/span><\/p>\n<ul style=\"text-align: justify\">\n<li style=\"font-weight: 400\"><b>Porqu\u00e9 es interesante: <\/b><span style=\"font-weight: 400\">este c\u00f3mic ha tenido una gran trascendencia en los c\u00f3mics para ni\u00f1os y ha tenido incluso una adaptaci\u00f3n al cine.<\/span><\/li>\n<\/ul>\n<p style=\"text-align: justify\"><span style=\"font-weight: 400\">\u00a0<\/span><\/p>\n<ul style=\"text-align: justify\">\n<li style=\"font-weight: 400\"><b>T\u00edtulo m\u00e1s famoso: <\/b><span style=\"font-weight: 400\">\u00abAl centro de la tierra\u00bb.<\/span><\/li>\n<\/ul>\n<p style=\"text-align: justify\"><span style=\"font-weight: 400\">\u00a0<\/span><\/p>\n<ul style=\"text-align: justify\">\n<li style=\"font-weight: 400\"><a href=\"https:\/\/www.tebeosfera.com\/sagas\/superlopez_1973_jan.html\"><b>Web de \u00abSuperL\u00f3pez\u00bb.<\/b><\/a><\/li>\n<\/ul>\n<p style=\"text-align: justify\"><span style=\"font-weight: 400\">\u00a0<\/span><\/p>\n<h3 style=\"text-align: justify\"><span style=\"font-weight: 400\">45. Pulgarcito<\/span><\/h3>\n<p>&nbsp;<\/p>\n<ul style=\"text-align: justify\">\n<li style=\"font-weight: 400\"><b>Caracter\u00edsticas: <\/b><span style=\"font-weight: 400\">se trata de uno de los c\u00f3mics m\u00e1s antiguos de Espa\u00f1a y con una tem\u00e1tica infantil. Se comenz\u00f3 a hacer en los a\u00f1os 20 y, con la llegada de la Transici\u00f3n, fue Brugueras quien acab\u00f3 patrocin\u00e1ndolo.<\/span><\/li>\n<\/ul>\n<p style=\"text-align: justify\"><span style=\"font-weight: 400\">\u00a0<\/span><\/p>\n<ul style=\"text-align: justify\">\n<li style=\"font-weight: 400\"><b>Trama: <\/b><span style=\"font-weight: 400\">sigue las aventuras de Pulgarcito, un ni\u00f1o diminuto.<\/span><\/li>\n<\/ul>\n<p style=\"text-align: justify\"><span style=\"font-weight: 400\">\u00a0<\/span><\/p>\n<ul style=\"text-align: justify\">\n<li style=\"font-weight: 400\"><b>Porqu\u00e9 es interesante: <\/b><span style=\"font-weight: 400\">leer los comics de Pulgarcito es recrear una de las partes m\u00e1s hist\u00f3ricas del c\u00f3mic de Espa\u00f1a y adem\u00e1s es ideal para que los ni\u00f1os se acerquen a la lectura.<\/span><\/li>\n<\/ul>\n<p style=\"text-align: justify\"><span style=\"font-weight: 400\">\u00a0<\/span><\/p>\n<ul style=\"text-align: justify\">\n<li style=\"font-weight: 400\"><b>T\u00edtulo m\u00e1s famoso: <\/b><span style=\"font-weight: 400\">\u00abEl botones Sacarino\u00bb.<\/span><\/li>\n<\/ul>\n<p style=\"text-align: justify\"><span style=\"font-weight: 400\">\u00a0<\/span><\/p>\n<h3 style=\"text-align: justify\"><span style=\"font-weight: 400\">46. Los Campbell<\/span><\/h3>\n<p>&nbsp;<\/p>\n<ul style=\"text-align: justify\">\n<li style=\"font-weight: 400\"><b>Caracter\u00edsticas:<\/b><span style=\"font-weight: 400\"> Jos\u00e9-Luis Munuera Mi\u00f1arro presenta un c\u00f3mic de pirateria y \u00e9poca para ni\u00f1os con una gran carga de aventura y de recuerdo a series de televisi\u00f3n con gr\u00e1ficos cl\u00e1sicos de los 90 y 2000.<\/span><\/li>\n<\/ul>\n<p style=\"text-align: justify\"><span style=\"font-weight: 400\">\u00a0<\/span><\/p>\n<ul style=\"text-align: justify\">\n<li style=\"font-weight: 400\"><b>Trama: <\/b><span style=\"font-weight: 400\">se trata de las aventuras Campbell un caballero que busca venganza.<\/span><\/li>\n<\/ul>\n<p style=\"text-align: justify\"><span style=\"font-weight: 400\">\u00a0<\/span><\/p>\n<ul style=\"text-align: justify\">\n<li style=\"font-weight: 400\"><b>Porqu\u00e9 es interesante: <\/b><span style=\"font-weight: 400\">es una historia divertida y apta para los peque\u00f1os amantes de la lectura.<\/span><\/li>\n<\/ul>\n<p style=\"text-align: justify\"><span style=\"font-weight: 400\">\u00a0<\/span><\/p>\n<ul style=\"text-align: justify\">\n<li style=\"font-weight: 400\"><b>T\u00edtulo m\u00e1s famoso: <\/b><span style=\"font-weight: 400\">\u00abInfierno\u00bb.<\/span><\/li>\n<\/ul>\n<p style=\"text-align: justify\"><span style=\"font-weight: 400\">\u00a0<\/span><\/p>\n<ul style=\"text-align: justify\">\n<li style=\"font-weight: 400\"><a href=\"https:\/\/www.normacomics.com\/comics\/comic-europeo\/los-campbell-01-inferno.html\"><b>Web de \u00abLos Campbells\u00bb.<\/b><\/a><\/li>\n<\/ul>\n<p style=\"text-align: justify\"><span style=\"font-weight: 400\">\u00a0<\/span><\/p>\n<h3 style=\"text-align: justify\"><span style=\"font-weight: 400\">47. Croqueta y Empanadilla<\/span><\/h3>\n<p style=\"text-align: justify\">\u00a0<\/p>\n<ul style=\"text-align: justify\">\n<li style=\"font-weight: 400\"><b>Caracter\u00edsticas:<\/b><span style=\"font-weight: 400\"> la editorial La C\u00fapula presenta un c\u00f3mic hecho para ni\u00f1os de la creadora Ana Oncina con unos gr\u00e1ficos muy sencillos y grandes vi\u00f1etas apto para todos los p\u00fablicos.<\/span><\/li>\n<\/ul>\n<p style=\"text-align: justify\"><span style=\"font-weight: 400\">\u00a0<\/span><\/p>\n<ul style=\"text-align: justify\">\n<li style=\"font-weight: 400\"><b>Trama: <\/b><span style=\"font-weight: 400\">cuenta la tierna relaci\u00f3n de una pareja formada por una croqueta y una empanadilla.<\/span><\/li>\n<\/ul>\n<p style=\"text-align: justify\"><span style=\"font-weight: 400\">\u00a0<\/span><\/p>\n<ul style=\"text-align: justify\">\n<li style=\"font-weight: 400\"><b>Porqu\u00e9 es interesante: <\/b><span style=\"font-weight: 400\">se trata de un concepto muy original y con el que los peque\u00f1os aprender\u00e1n valores mientras se divierten.<\/span><\/li>\n<\/ul>\n<p style=\"text-align: justify\"><span style=\"font-weight: 400\">\u00a0<\/span><\/p>\n<ul style=\"text-align: justify\">\n<li style=\"font-weight: 400\"><a href=\"https:\/\/www.lacupula.com\/catalogo\/croqueta-y-empanadilla-1\/\"><b>Web de Coqueta y Empanadilla.<\/b><\/a><\/li>\n<\/ul>\n<p style=\"text-align: justify\"><span style=\"font-weight: 400\">\u00a0<\/span><\/p>\n<h3 style=\"text-align: justify\"><span style=\"font-weight: 400\">48. Leyendas del recreo<\/span><\/h3>\n<p style=\"text-align: justify\">\u00a0<\/p>\n<ul style=\"text-align: justify\">\n<li style=\"font-weight: 400\"><b>Caracter\u00edsticas: <\/b><span style=\"font-weight: 400\">Albert Monteys ha creado una serie de c\u00f3mics en los cuales se crea un universo ideal para los m\u00e1s peque\u00f1os con escenas muy pl\u00e1sticas y f\u00e1ciles de leer.<\/span><\/li>\n<\/ul>\n<p style=\"text-align: justify\"><span style=\"font-weight: 400\">\u00a0<\/span><\/p>\n<ul style=\"text-align: justify\">\n<li style=\"font-weight: 400\"><b>Trama:<\/b><span style=\"font-weight: 400\"> cada n\u00famero cuenta una aventura que transcurre en los recreos.<\/span><\/li>\n<\/ul>\n<p style=\"text-align: justify\"><span style=\"font-weight: 400\">\u00a0<\/span><\/p>\n<ul style=\"text-align: justify\">\n<li style=\"font-weight: 400\"><b>Porqu\u00e9 es interesante: <\/b><span style=\"font-weight: 400\">fomenta la lectura y empatiza muy bien a trav\u00e9s de las im\u00e1genes con los ni\u00f1os.<\/span><\/li>\n<\/ul>\n<p style=\"text-align: justify\"><span style=\"font-weight: 400\">\u00a0<\/span><\/p>\n<ul style=\"text-align: justify\">\n<li style=\"font-weight: 400\"><b>T\u00edtulo m\u00e1s famoso: <\/b><span style=\"font-weight: 400\">\u00abViaje por patios infinitos\u00bb.<\/span><\/li>\n<\/ul>\n<p style=\"text-align: justify\"><span style=\"font-weight: 400\">\u00a0<\/span><\/p>\n<h3 style=\"text-align: justify\"><span style=\"font-weight: 400\">49. Historia del arte en c\u00f3mic<\/span><\/h3>\n<p>&nbsp;<\/p>\n<ul style=\"text-align: justify\">\n<li style=\"font-weight: 400\"><b>Caracter\u00edsticas: <\/b><span style=\"font-weight: 400\">el creador Pedro Cifuentes cre\u00f3 esta serie de c\u00f3mics destinadas a los m\u00e1s peque\u00f1os de la casa y se ha llevado premios tanto en el campo de la ense\u00f1anza como del c\u00f3mic por sus gr\u00e1ficos tan did\u00e1cticos.<\/span><\/li>\n<\/ul>\n<p style=\"text-align: justify\"><span style=\"font-weight: 400\">\u00a0<\/span><\/p>\n<ul style=\"text-align: justify\">\n<li style=\"font-weight: 400\"><b>Trama: <\/b><span style=\"font-weight: 400\">cada volumen trata un tema de la historia del arte a trav\u00e9s de historietas de c\u00f3mic.<\/span><\/li>\n<\/ul>\n<p style=\"text-align: justify\"><span style=\"font-weight: 400\">\u00a0<\/span><\/p>\n<ul style=\"text-align: justify\">\n<li style=\"font-weight: 400\"><b>Porqu\u00e9 es interesante: <\/b><span style=\"font-weight: 400\">es una forma original y divertida de que los ni\u00f1os aprendan.<\/span><\/li>\n<\/ul>\n<p style=\"text-align: justify\"><span style=\"font-weight: 400\">\u00a0<\/span><\/p>\n<ul style=\"text-align: justify\">\n<li style=\"font-weight: 400\"><b>T\u00edtulo m\u00e1s famoso: <\/b><span style=\"font-weight: 400\">\u00abEl mundo cl\u00e1sico\u00bb<\/span><\/li>\n<\/ul>\n<p style=\"text-align: justify\"><span style=\"font-weight: 400\">\u00a0<\/span><\/p>\n<h3 style=\"text-align: justify\"><span style=\"font-weight: 400\">50. Super Patata<\/span><\/h3>\n<p style=\"text-align: justify\">\u00a0<\/p>\n<ul style=\"text-align: justify\">\n<li style=\"font-weight: 400\"><b>Caracter\u00edsticas: <\/b><span style=\"font-weight: 400\">Artur Laperla ha creado todo un universo de fantas\u00eda para que los m\u00e1s peque\u00f1os disfruten de esta tira c\u00f3mica en la que la protagonista es una patata justiciera.<\/span><\/li>\n<\/ul>\n<p style=\"text-align: justify\"><span style=\"font-weight: 400\">\u00a0<\/span><\/p>\n<ul style=\"text-align: justify\">\n<li style=\"font-weight: 400\"><b>Trama: <\/b><span style=\"font-weight: 400\">cada n\u00famero trata las aventuras de una patata que es un superh\u00e9roe dentro de su mundo.<\/span><\/li>\n<\/ul>\n<p style=\"text-align: justify\"><span style=\"font-weight: 400\">\u00a0<\/span><\/p>\n<ul style=\"text-align: justify\">\n<li style=\"font-weight: 400\"><b>Porqu\u00e9 es interesante: <\/b><span style=\"font-weight: 400\">una vez m\u00e1s, se trata de una innovaci\u00f3n dentro del mundo del c\u00f3mic y los superh\u00e9roes modernos.<\/span><\/li>\n<\/ul>\n<p style=\"text-align: justify\"><span style=\"font-weight: 400\">\u00a0<\/span><\/p>\n<h2 style=\"text-align: justify\"><b>Imprime tus propios c\u00f3mics de forma f\u00e1cil<\/b><\/h2>\n<p style=\"text-align: justify\">\u00a0<\/p>\n<p style=\"text-align: justify\"><span style=\"font-weight: 400\">El mundo del c\u00f3mic es tan amplio que desde los m\u00e1s ni\u00f1os hasta los m\u00e1s adultos pueden disfrutar de sus historias y de nutrirse de un universo<\/span><b> lleno de ilustraciones e historias incre\u00edbles<\/b><span style=\"font-weight: 400\">. La informaci\u00f3n que se refleja en un c\u00f3mic es tan vers\u00e1til que puede llevarse f\u00e1cilmente al mundo del arte y darle vida un director de cine.<\/span><\/p>\n<p style=\"text-align: justify\"><span style=\"font-weight: 400\">A trav\u00e9s de dibujos y de un gui\u00f3n con<\/span><a href=\"https:\/\/www.coollibri.es\/blog\/como-crear-un-personaje-ficticio-o-de-novela-en-5-pasos\/\"> <b>personajes ficticios<\/b><\/a><b>\u00a0 <\/b><span style=\"font-weight: 400\">o reales y protagonistas, se puede recrear una realidad o un relato que cautive, como si de fotogramas se tratara. Si quieres formar parte de este mundo y entrar dentro del ranking de Rockdelux a los mejores c\u00f3mics, debes saber que t\u00fa mismo puedes publicar e<\/span><a href=\"https:\/\/www.coollibri.es\/imprimir-comics\"> <b>imprimir tus propios c\u00f3mics<\/b><\/a><span style=\"font-weight: 400\"> a trav\u00e9s de plataformas como<\/span><a href=\"https:\/\/www.coollibri.es\/\"> <b>Coollibri<\/b><\/a><span style=\"font-weight: 400\">.<\/span><\/p>\n<p style=\"text-align: justify\"><span style=\"font-weight: 400\">\u00a0<\/span><\/p>\n<blockquote>\n<p><span style=\"font-weight: 400\">Sentarme a dibujar todos los d\u00edas es algo que me gusta. Siempre me ha gustado dibujar, me ha gustado contar. O sea, el m\u00edo es un trabajo vocacional y el gusto lo sigo manteniendo.<\/span><\/p>\n<p><span style=\"font-weight: 400\">Roberto el Negro Fontanarrosa<\/span><\/p>\n<\/blockquote>\n<p style=\"text-align: justify\"><span style=\"font-weight: 400\">\u00a0<\/span><\/p>\n<p style=\"text-align: justify\"><span style=\"font-weight: 400\">Poder entrar a las<\/span><a href=\"https:\/\/www.coollibri.es\/blog\/las-mejores-editoriales-de-espana\/\"> <b>grandes editoriales de Espa\u00f1a<\/b><\/a><span style=\"font-weight: 400\"> no es tarea f\u00e1cil. Por suerte, con las plataformas de autoedici\u00f3n puedes tener tu c\u00f3mic de forma f\u00edsica para poder distribuirlo en plataformas como Amazon. No olvides apuntarte tambi\u00e9n a todos los concursos de c\u00f3mics, como el de RTVE.<\/span><\/p>\n<p style=\"text-align: justify\"><span style=\"font-weight: 400\">Convi\u00e9rtete en el pr\u00f3ximo Ren\u00e9 Goscinny creando, quiz\u00e1s, al pr\u00f3ximo h\u00e9roe, mitad periodista, mitad investigador o un crossover de varios estilos de los \u00faltimos a\u00f1os. Solo necesitas un buen sistema IOS, una buena administraci\u00f3n del trabajo y un voto de confianza en tu talento.<\/span><\/p>\n<p>&nbsp;<\/p>\n<figure id=\"attachment_646\" aria-describedby=\"caption-attachment-646\" style=\"width: 400px\" class=\"wp-caption aligncenter\"><img loading=\"lazy\" decoding=\"async\" class=\"wp-image-646\" src=\"https:\/\/www.coollibri.es\/blog\/wp-content\/uploads\/Sentarme-a-dibujar-todos-los-dias-es-algo-que-me-gusta...-1.jpg\" alt=\"&quot;Sentarme a dibujar todos los d\u00edas es algo que me gusta...&quot;\" width=\"400\" height=\"400\" srcset=\"https:\/\/www.coollibri.es\/blog\/wp-content\/uploads\/Sentarme-a-dibujar-todos-los-dias-es-algo-que-me-gusta...-1.jpg 800w, https:\/\/www.coollibri.es\/blog\/wp-content\/uploads\/Sentarme-a-dibujar-todos-los-dias-es-algo-que-me-gusta...-1-300x300.jpg 300w, https:\/\/www.coollibri.es\/blog\/wp-content\/uploads\/Sentarme-a-dibujar-todos-los-dias-es-algo-que-me-gusta...-1-150x150.jpg 150w, https:\/\/www.coollibri.es\/blog\/wp-content\/uploads\/Sentarme-a-dibujar-todos-los-dias-es-algo-que-me-gusta...-1-768x768.jpg 768w, https:\/\/www.coollibri.es\/blog\/wp-content\/uploads\/Sentarme-a-dibujar-todos-los-dias-es-algo-que-me-gusta...-1-400x400.jpg 400w\" sizes=\"auto, (max-width: 400px) 100vw, 400px\" \/><figcaption id=\"caption-attachment-646\" class=\"wp-caption-text\">\u00abSentarme a dibujar todos los d\u00edas es algo que me gusta&#8230;\u00bb<\/figcaption><\/figure>\n","protected":false},"excerpt":{"rendered":"<p>El mundo de los c\u00f3mics supuso toda una revoluci\u00f3n all\u00e1 por los a\u00f1os 60, cuando las ilustraciones y la literatura se juntaron para dar salida a historias incre\u00edbles. De la mano de grandes editores se fueron creando historietas de aventuras que fueron enganchando al lector a trav\u00e9s de revistas semanales y quincenales. Este fen\u00f3meno golpe\u00f3 [&hellip;]<\/p>\n","protected":false},"author":5,"featured_media":641,"comment_status":"open","ping_status":"open","sticky":false,"template":"","format":"standard","meta":{"content-type":"","footnotes":""},"categories":[55],"tags":[142,138,143,41,140,141,48,139],"class_list":["post-499","post","type-post","status-publish","format-standard","has-post-thumbnail","hentry","category-comics","tag-cine","tag-comic","tag-espanol","tag-historia","tag-historietista","tag-mortadelo-y-filemon","tag-revista","tag-tebeo"],"yoast_head":"<!-- This site is optimized with the Yoast SEO plugin v27.5 - https:\/\/yoast.com\/product\/yoast-seo-wordpress\/ -->\r\n<title>Los 50 mejores c\u00f3mics de Espa\u00f1a. Un recorrido por la historia del c\u00f3mic<\/title>\r\n<meta name=\"description\" content=\"Si te interesa el mundo del c\u00f3mic descubre una lista con los mejores c\u00f3mics de Espa\u00f1a y las caracter\u00edsticas que los han hecho importantes.\" \/>\r\n<meta name=\"robots\" content=\"index, follow, max-snippet:-1, max-image-preview:large, max-video-preview:-1\" \/>\r\n<link rel=\"canonical\" href=\"https:\/\/www.coollibri.es\/blog\/los-50-comics-espanoles-mas-famosos\/\" \/>\r\n<meta property=\"og:locale\" content=\"es_ES\" \/>\r\n<meta property=\"og:type\" content=\"article\" \/>\r\n<meta property=\"og:title\" content=\"Los 50 mejores c\u00f3mics de Espa\u00f1a. Un recorrido por la historia del c\u00f3mic\" \/>\r\n<meta property=\"og:description\" content=\"Si te interesa el mundo del c\u00f3mic descubre una lista con los mejores c\u00f3mics de Espa\u00f1a y las caracter\u00edsticas que los han hecho importantes.\" \/>\r\n<meta property=\"og:url\" content=\"https:\/\/www.coollibri.es\/blog\/los-50-comics-espanoles-mas-famosos\/\" \/>\r\n<meta property=\"og:site_name\" content=\"Escribir un libro en autoedici\u00f3n f\u00e1cilmente\" \/>\r\n<meta property=\"article:published_time\" content=\"2022-06-22T06:30:41+00:00\" \/>\r\n<meta property=\"og:image\" content=\"https:\/\/www.coollibri.es\/blog\/wp-content\/uploads\/Los-50-comics-espanoles-mas-famosos.jpg\" \/>\r\n\t<meta property=\"og:image:width\" content=\"1200\" \/>\r\n\t<meta property=\"og:image:height\" content=\"500\" \/>\r\n\t<meta property=\"og:image:type\" content=\"image\/jpeg\" \/>\r\n<meta name=\"author\" content=\"Equipo editorial especializado de CoolLibri\" \/>\r\n<meta name=\"twitter:card\" content=\"summary_large_image\" \/>\r\n<meta name=\"twitter:label1\" content=\"Escrito por\" \/>\n\t<meta name=\"twitter:data1\" content=\"Equipo editorial especializado de CoolLibri\" \/>\n\t<meta name=\"twitter:label2\" content=\"Tiempo de lectura\" \/>\n\t<meta name=\"twitter:data2\" content=\"31 minutos\" \/>\r\n<script type=\"application\/ld+json\" class=\"yoast-schema-graph\">{\"@context\":\"https:\\\/\\\/schema.org\",\"@graph\":[{\"@type\":\"Article\",\"@id\":\"https:\\\/\\\/www.coollibri.es\\\/blog\\\/los-50-comics-espanoles-mas-famosos\\\/#article\",\"isPartOf\":{\"@id\":\"https:\\\/\\\/www.coollibri.es\\\/blog\\\/los-50-comics-espanoles-mas-famosos\\\/\"},\"author\":{\"name\":\"Equipo editorial especializado de CoolLibri\",\"@id\":\"https:\\\/\\\/www.coollibri.es\\\/blog\\\/#\\\/schema\\\/person\\\/c61591a97e95acc24fa18846d6eeb78e\"},\"headline\":\"Los 50 c\u00f3mics espa\u00f1oles m\u00e1s famosos\",\"datePublished\":\"2022-06-22T06:30:41+00:00\",\"mainEntityOfPage\":{\"@id\":\"https:\\\/\\\/www.coollibri.es\\\/blog\\\/los-50-comics-espanoles-mas-famosos\\\/\"},\"wordCount\":6234,\"commentCount\":0,\"publisher\":{\"@id\":\"https:\\\/\\\/www.coollibri.es\\\/blog\\\/#organization\"},\"image\":{\"@id\":\"https:\\\/\\\/www.coollibri.es\\\/blog\\\/los-50-comics-espanoles-mas-famosos\\\/#primaryimage\"},\"thumbnailUrl\":\"https:\\\/\\\/www.coollibri.es\\\/blog\\\/wp-content\\\/uploads\\\/Los-50-comics-espanoles-mas-famosos.jpg\",\"keywords\":[\"Cine\",\"C\u00f3mic\",\"Espa\u00f1ol\",\"Historia\",\"Historietista\",\"Mortadelo y Filem\u00f3n\",\"Revista\",\"Tebeo\"],\"articleSection\":[\"C\u00f3mics\"],\"inLanguage\":\"es\",\"potentialAction\":[{\"@type\":\"CommentAction\",\"name\":\"Comment\",\"target\":[\"https:\\\/\\\/www.coollibri.es\\\/blog\\\/los-50-comics-espanoles-mas-famosos\\\/#respond\"]}]},{\"@type\":\"WebPage\",\"@id\":\"https:\\\/\\\/www.coollibri.es\\\/blog\\\/los-50-comics-espanoles-mas-famosos\\\/\",\"url\":\"https:\\\/\\\/www.coollibri.es\\\/blog\\\/los-50-comics-espanoles-mas-famosos\\\/\",\"name\":\"Los 50 mejores c\u00f3mics de Espa\u00f1a. Un recorrido por la historia del c\u00f3mic\",\"isPartOf\":{\"@id\":\"https:\\\/\\\/www.coollibri.es\\\/blog\\\/#website\"},\"primaryImageOfPage\":{\"@id\":\"https:\\\/\\\/www.coollibri.es\\\/blog\\\/los-50-comics-espanoles-mas-famosos\\\/#primaryimage\"},\"image\":{\"@id\":\"https:\\\/\\\/www.coollibri.es\\\/blog\\\/los-50-comics-espanoles-mas-famosos\\\/#primaryimage\"},\"thumbnailUrl\":\"https:\\\/\\\/www.coollibri.es\\\/blog\\\/wp-content\\\/uploads\\\/Los-50-comics-espanoles-mas-famosos.jpg\",\"datePublished\":\"2022-06-22T06:30:41+00:00\",\"description\":\"Si te interesa el mundo del c\u00f3mic descubre una lista con los mejores c\u00f3mics de Espa\u00f1a y las caracter\u00edsticas que los han hecho importantes.\",\"breadcrumb\":{\"@id\":\"https:\\\/\\\/www.coollibri.es\\\/blog\\\/los-50-comics-espanoles-mas-famosos\\\/#breadcrumb\"},\"inLanguage\":\"es\",\"potentialAction\":[{\"@type\":\"ReadAction\",\"target\":[\"https:\\\/\\\/www.coollibri.es\\\/blog\\\/los-50-comics-espanoles-mas-famosos\\\/\"]}]},{\"@type\":\"ImageObject\",\"inLanguage\":\"es\",\"@id\":\"https:\\\/\\\/www.coollibri.es\\\/blog\\\/los-50-comics-espanoles-mas-famosos\\\/#primaryimage\",\"url\":\"https:\\\/\\\/www.coollibri.es\\\/blog\\\/wp-content\\\/uploads\\\/Los-50-comics-espanoles-mas-famosos.jpg\",\"contentUrl\":\"https:\\\/\\\/www.coollibri.es\\\/blog\\\/wp-content\\\/uploads\\\/Los-50-comics-espanoles-mas-famosos.jpg\",\"width\":1200,\"height\":500,\"caption\":\"Los 50 c\u00f3mics espa\u00f1oles m\u00e1s famosos\"},{\"@type\":\"BreadcrumbList\",\"@id\":\"https:\\\/\\\/www.coollibri.es\\\/blog\\\/los-50-comics-espanoles-mas-famosos\\\/#breadcrumb\",\"itemListElement\":[{\"@type\":\"ListItem\",\"position\":1,\"name\":\"Blog de Escritura\",\"item\":\"https:\\\/\\\/www.coollibri.es\\\/blog\\\/\"},{\"@type\":\"ListItem\",\"position\":2,\"name\":\"Los 50 c\u00f3mics espa\u00f1oles m\u00e1s famosos\"}]},{\"@type\":\"WebSite\",\"@id\":\"https:\\\/\\\/www.coollibri.es\\\/blog\\\/#website\",\"url\":\"https:\\\/\\\/www.coollibri.es\\\/blog\\\/\",\"name\":\"Escribir un libro en autoedici\u00f3n f\u00e1cilmente\",\"description\":\"Da una buena impresi\u00f3n\",\"publisher\":{\"@id\":\"https:\\\/\\\/www.coollibri.es\\\/blog\\\/#organization\"},\"potentialAction\":[{\"@type\":\"SearchAction\",\"target\":{\"@type\":\"EntryPoint\",\"urlTemplate\":\"https:\\\/\\\/www.coollibri.es\\\/blog\\\/?s={search_term_string}\"},\"query-input\":{\"@type\":\"PropertyValueSpecification\",\"valueRequired\":true,\"valueName\":\"search_term_string\"}}],\"inLanguage\":\"es\"},{\"@type\":\"Organization\",\"@id\":\"https:\\\/\\\/www.coollibri.es\\\/blog\\\/#organization\",\"name\":\"CoolLibri - Impresi\u00f3n de libro - Autoedici\u00f3n\",\"url\":\"https:\\\/\\\/www.coollibri.es\\\/blog\\\/\",\"logo\":{\"@type\":\"ImageObject\",\"inLanguage\":\"es\",\"@id\":\"https:\\\/\\\/www.coollibri.es\\\/blog\\\/#\\\/schema\\\/logo\\\/image\\\/\",\"url\":\"https:\\\/\\\/www.coollibri.es\\\/blog\\\/wp-content\\\/uploads\\\/logo-CoolLibri-ES.jpg\",\"contentUrl\":\"https:\\\/\\\/www.coollibri.es\\\/blog\\\/wp-content\\\/uploads\\\/logo-CoolLibri-ES.jpg\",\"width\":336,\"height\":117,\"caption\":\"CoolLibri - Impresi\u00f3n de libro - Autoedici\u00f3n\"},\"image\":{\"@id\":\"https:\\\/\\\/www.coollibri.es\\\/blog\\\/#\\\/schema\\\/logo\\\/image\\\/\"}},{\"@type\":\"Person\",\"@id\":\"https:\\\/\\\/www.coollibri.es\\\/blog\\\/#\\\/schema\\\/person\\\/c61591a97e95acc24fa18846d6eeb78e\",\"name\":\"Equipo editorial especializado de CoolLibri\",\"image\":{\"@type\":\"ImageObject\",\"inLanguage\":\"es\",\"@id\":\"https:\\\/\\\/secure.gravatar.com\\\/avatar\\\/727b06fafa5c6786909ec26e4bbeeaff9c789e172d733fc874aaed55650bdcb1?s=96&d=mm&r=g\",\"url\":\"https:\\\/\\\/secure.gravatar.com\\\/avatar\\\/727b06fafa5c6786909ec26e4bbeeaff9c789e172d733fc874aaed55650bdcb1?s=96&d=mm&r=g\",\"contentUrl\":\"https:\\\/\\\/secure.gravatar.com\\\/avatar\\\/727b06fafa5c6786909ec26e4bbeeaff9c789e172d733fc874aaed55650bdcb1?s=96&d=mm&r=g\",\"caption\":\"Equipo editorial especializado de CoolLibri\"},\"description\":\"Equipo editorial especializado de CoolLibri, compuesto por fil\u00f3logas y profesionales de la escritura creativa y la autoedici\u00f3n literaria. Desde CoolLibri, el equipo desarrolla gu\u00edas, explicaciones y recursos pr\u00e1cticos para ayudar a autores amateur a transformar sus ideas en libros bien estructurados y listos para publicar.\"}]}<\/script>\r\n<!-- \/ Yoast SEO plugin. -->","yoast_head_json":{"title":"Los 50 mejores c\u00f3mics de Espa\u00f1a. Un recorrido por la historia del c\u00f3mic","description":"Si te interesa el mundo del c\u00f3mic descubre una lista con los mejores c\u00f3mics de Espa\u00f1a y las caracter\u00edsticas que los han hecho importantes.","robots":{"index":"index","follow":"follow","max-snippet":"max-snippet:-1","max-image-preview":"max-image-preview:large","max-video-preview":"max-video-preview:-1"},"canonical":"https:\/\/www.coollibri.es\/blog\/los-50-comics-espanoles-mas-famosos\/","og_locale":"es_ES","og_type":"article","og_title":"Los 50 mejores c\u00f3mics de Espa\u00f1a. Un recorrido por la historia del c\u00f3mic","og_description":"Si te interesa el mundo del c\u00f3mic descubre una lista con los mejores c\u00f3mics de Espa\u00f1a y las caracter\u00edsticas que los han hecho importantes.","og_url":"https:\/\/www.coollibri.es\/blog\/los-50-comics-espanoles-mas-famosos\/","og_site_name":"Escribir un libro en autoedici\u00f3n f\u00e1cilmente","article_published_time":"2022-06-22T06:30:41+00:00","og_image":[{"width":1200,"height":500,"url":"https:\/\/www.coollibri.es\/blog\/wp-content\/uploads\/Los-50-comics-espanoles-mas-famosos.jpg","type":"image\/jpeg"}],"author":"Equipo editorial especializado de CoolLibri","twitter_card":"summary_large_image","twitter_misc":{"Escrito por":"Equipo editorial especializado de CoolLibri","Tiempo de lectura":"31 minutos"},"schema":{"@context":"https:\/\/schema.org","@graph":[{"@type":"Article","@id":"https:\/\/www.coollibri.es\/blog\/los-50-comics-espanoles-mas-famosos\/#article","isPartOf":{"@id":"https:\/\/www.coollibri.es\/blog\/los-50-comics-espanoles-mas-famosos\/"},"author":{"name":"Equipo editorial especializado de CoolLibri","@id":"https:\/\/www.coollibri.es\/blog\/#\/schema\/person\/c61591a97e95acc24fa18846d6eeb78e"},"headline":"Los 50 c\u00f3mics espa\u00f1oles m\u00e1s famosos","datePublished":"2022-06-22T06:30:41+00:00","mainEntityOfPage":{"@id":"https:\/\/www.coollibri.es\/blog\/los-50-comics-espanoles-mas-famosos\/"},"wordCount":6234,"commentCount":0,"publisher":{"@id":"https:\/\/www.coollibri.es\/blog\/#organization"},"image":{"@id":"https:\/\/www.coollibri.es\/blog\/los-50-comics-espanoles-mas-famosos\/#primaryimage"},"thumbnailUrl":"https:\/\/www.coollibri.es\/blog\/wp-content\/uploads\/Los-50-comics-espanoles-mas-famosos.jpg","keywords":["Cine","C\u00f3mic","Espa\u00f1ol","Historia","Historietista","Mortadelo y Filem\u00f3n","Revista","Tebeo"],"articleSection":["C\u00f3mics"],"inLanguage":"es","potentialAction":[{"@type":"CommentAction","name":"Comment","target":["https:\/\/www.coollibri.es\/blog\/los-50-comics-espanoles-mas-famosos\/#respond"]}]},{"@type":"WebPage","@id":"https:\/\/www.coollibri.es\/blog\/los-50-comics-espanoles-mas-famosos\/","url":"https:\/\/www.coollibri.es\/blog\/los-50-comics-espanoles-mas-famosos\/","name":"Los 50 mejores c\u00f3mics de Espa\u00f1a. Un recorrido por la historia del c\u00f3mic","isPartOf":{"@id":"https:\/\/www.coollibri.es\/blog\/#website"},"primaryImageOfPage":{"@id":"https:\/\/www.coollibri.es\/blog\/los-50-comics-espanoles-mas-famosos\/#primaryimage"},"image":{"@id":"https:\/\/www.coollibri.es\/blog\/los-50-comics-espanoles-mas-famosos\/#primaryimage"},"thumbnailUrl":"https:\/\/www.coollibri.es\/blog\/wp-content\/uploads\/Los-50-comics-espanoles-mas-famosos.jpg","datePublished":"2022-06-22T06:30:41+00:00","description":"Si te interesa el mundo del c\u00f3mic descubre una lista con los mejores c\u00f3mics de Espa\u00f1a y las caracter\u00edsticas que los han hecho importantes.","breadcrumb":{"@id":"https:\/\/www.coollibri.es\/blog\/los-50-comics-espanoles-mas-famosos\/#breadcrumb"},"inLanguage":"es","potentialAction":[{"@type":"ReadAction","target":["https:\/\/www.coollibri.es\/blog\/los-50-comics-espanoles-mas-famosos\/"]}]},{"@type":"ImageObject","inLanguage":"es","@id":"https:\/\/www.coollibri.es\/blog\/los-50-comics-espanoles-mas-famosos\/#primaryimage","url":"https:\/\/www.coollibri.es\/blog\/wp-content\/uploads\/Los-50-comics-espanoles-mas-famosos.jpg","contentUrl":"https:\/\/www.coollibri.es\/blog\/wp-content\/uploads\/Los-50-comics-espanoles-mas-famosos.jpg","width":1200,"height":500,"caption":"Los 50 c\u00f3mics espa\u00f1oles m\u00e1s famosos"},{"@type":"BreadcrumbList","@id":"https:\/\/www.coollibri.es\/blog\/los-50-comics-espanoles-mas-famosos\/#breadcrumb","itemListElement":[{"@type":"ListItem","position":1,"name":"Blog de Escritura","item":"https:\/\/www.coollibri.es\/blog\/"},{"@type":"ListItem","position":2,"name":"Los 50 c\u00f3mics espa\u00f1oles m\u00e1s famosos"}]},{"@type":"WebSite","@id":"https:\/\/www.coollibri.es\/blog\/#website","url":"https:\/\/www.coollibri.es\/blog\/","name":"Escribir un libro en autoedici\u00f3n f\u00e1cilmente","description":"Da una buena impresi\u00f3n","publisher":{"@id":"https:\/\/www.coollibri.es\/blog\/#organization"},"potentialAction":[{"@type":"SearchAction","target":{"@type":"EntryPoint","urlTemplate":"https:\/\/www.coollibri.es\/blog\/?s={search_term_string}"},"query-input":{"@type":"PropertyValueSpecification","valueRequired":true,"valueName":"search_term_string"}}],"inLanguage":"es"},{"@type":"Organization","@id":"https:\/\/www.coollibri.es\/blog\/#organization","name":"CoolLibri - Impresi\u00f3n de libro - Autoedici\u00f3n","url":"https:\/\/www.coollibri.es\/blog\/","logo":{"@type":"ImageObject","inLanguage":"es","@id":"https:\/\/www.coollibri.es\/blog\/#\/schema\/logo\/image\/","url":"https:\/\/www.coollibri.es\/blog\/wp-content\/uploads\/logo-CoolLibri-ES.jpg","contentUrl":"https:\/\/www.coollibri.es\/blog\/wp-content\/uploads\/logo-CoolLibri-ES.jpg","width":336,"height":117,"caption":"CoolLibri - Impresi\u00f3n de libro - Autoedici\u00f3n"},"image":{"@id":"https:\/\/www.coollibri.es\/blog\/#\/schema\/logo\/image\/"}},{"@type":"Person","@id":"https:\/\/www.coollibri.es\/blog\/#\/schema\/person\/c61591a97e95acc24fa18846d6eeb78e","name":"Equipo editorial especializado de CoolLibri","image":{"@type":"ImageObject","inLanguage":"es","@id":"https:\/\/secure.gravatar.com\/avatar\/727b06fafa5c6786909ec26e4bbeeaff9c789e172d733fc874aaed55650bdcb1?s=96&d=mm&r=g","url":"https:\/\/secure.gravatar.com\/avatar\/727b06fafa5c6786909ec26e4bbeeaff9c789e172d733fc874aaed55650bdcb1?s=96&d=mm&r=g","contentUrl":"https:\/\/secure.gravatar.com\/avatar\/727b06fafa5c6786909ec26e4bbeeaff9c789e172d733fc874aaed55650bdcb1?s=96&d=mm&r=g","caption":"Equipo editorial especializado de CoolLibri"},"description":"Equipo editorial especializado de CoolLibri, compuesto por fil\u00f3logas y profesionales de la escritura creativa y la autoedici\u00f3n literaria. Desde CoolLibri, el equipo desarrolla gu\u00edas, explicaciones y recursos pr\u00e1cticos para ayudar a autores amateur a transformar sus ideas en libros bien estructurados y listos para publicar."}]}},"_links":{"self":[{"href":"https:\/\/www.coollibri.es\/blog\/wp-json\/wp\/v2\/posts\/499","targetHints":{"allow":["GET"]}}],"collection":[{"href":"https:\/\/www.coollibri.es\/blog\/wp-json\/wp\/v2\/posts"}],"about":[{"href":"https:\/\/www.coollibri.es\/blog\/wp-json\/wp\/v2\/types\/post"}],"author":[{"embeddable":true,"href":"https:\/\/www.coollibri.es\/blog\/wp-json\/wp\/v2\/users\/5"}],"replies":[{"embeddable":true,"href":"https:\/\/www.coollibri.es\/blog\/wp-json\/wp\/v2\/comments?post=499"}],"version-history":[{"count":22,"href":"https:\/\/www.coollibri.es\/blog\/wp-json\/wp\/v2\/posts\/499\/revisions"}],"predecessor-version":[{"id":554,"href":"https:\/\/www.coollibri.es\/blog\/wp-json\/wp\/v2\/posts\/499\/revisions\/554"}],"wp:featuredmedia":[{"embeddable":true,"href":"https:\/\/www.coollibri.es\/blog\/wp-json\/wp\/v2\/media\/641"}],"wp:attachment":[{"href":"https:\/\/www.coollibri.es\/blog\/wp-json\/wp\/v2\/media?parent=499"}],"wp:term":[{"taxonomy":"category","embeddable":true,"href":"https:\/\/www.coollibri.es\/blog\/wp-json\/wp\/v2\/categories?post=499"},{"taxonomy":"post_tag","embeddable":true,"href":"https:\/\/www.coollibri.es\/blog\/wp-json\/wp\/v2\/tags?post=499"}],"curies":[{"name":"wp","href":"https:\/\/api.w.org\/{rel}","templated":true}]}}